{"id":3593,"date":"2024-06-16T15:30:01","date_gmt":"2024-06-16T13:30:01","guid":{"rendered":"https:\/\/www.ceskaskolaluzern.ch\/skola-v-prirode-2024\/"},"modified":"2025-01-17T13:56:15","modified_gmt":"2025-01-17T12:56:15","slug":"tschechischunterricht-in-den-bergen-2024","status":"publish","type":"post","link":"https:\/\/www.ceskaskolaluzern.ch\/de\/tschechischunterricht-in-den-bergen-2024\/","title":{"rendered":"Tschechischunterricht in den Bergen 2024"},"content":{"rendered":"<p><strong><em><img decoding=\"async\" class=\"wp-image-3042 size-medium alignleft\" src=\"data:image\/gif;base64,R0lGODlhAQABAIAAAAAAAP\/\/\/yH5BAEAAAAALAAAAAABAAEAAAIBRAA7\" data-src=\"https:\/\/www.ceskaskolaluzern.ch\/wp-content\/uploads\/2024\/06\/skola-v-prirode-2024-fotogalerie-web-300x225.png\" alt=\"\" width=\"300\" height=\"225\" srcset=\"data:image\/gif;base64,R0lGODlhAQABAIAAAAAAAP\/\/\/yH5BAEAAAAALAAAAAABAAEAAAIBRAA7\" data-srcset=\"https:\/\/www.ceskaskolaluzern.ch\/wp-content\/uploads\/2024\/06\/skola-v-prirode-2024-fotogalerie-web-300x225.png 300w, https:\/\/www.ceskaskolaluzern.ch\/wp-content\/uploads\/2024\/06\/skola-v-prirode-2024-fotogalerie-web-768x576.png 768w, https:\/\/www.ceskaskolaluzern.ch\/wp-content\/uploads\/2024\/06\/skola-v-prirode-2024-fotogalerie-web-320x240.png 320w, https:\/\/www.ceskaskolaluzern.ch\/wp-content\/uploads\/2024\/06\/skola-v-prirode-2024-fotogalerie-web-190x143.png 190w, https:\/\/www.ceskaskolaluzern.ch\/wp-content\/uploads\/2024\/06\/skola-v-prirode-2024-fotogalerie-web.png 800w\" sizes=\"(max-width: 300px) 100vw, 300px\" \/><\/em><\/strong><\/p>\n<p><strong><em>Unser Tschechischunterricht in den Bergen f\u00fchrte uns in die Walliser Alpen. Ein verl\u00e4ngertes Wochenende voller Lernen, Spiele und Abenteuer bot unvergessliche Erlebnisse f\u00fcr Kinder und Eltern.<\/em><\/strong><\/p>\n<img decoding=\"async\" class=\"alignnone size-medium wp-image-1098\" src=\"data:image\/gif;base64,R0lGODlhAQABAIAAAAAAAP\/\/\/yH5BAEAAAAALAAAAAABAAEAAAIBRAA7\" data-src=\"https:\/\/www.ceskaskolaluzern.ch\/wp-content\/uploads\/2022\/09\/Predelovnik_blog-300x71.png\" alt=\"\" width=\"300\" height=\"71\" srcset=\"data:image\/gif;base64,R0lGODlhAQABAIAAAAAAAP\/\/\/yH5BAEAAAAALAAAAAABAAEAAAIBRAA7\" data-srcset=\"https:\/\/www.ceskaskolaluzern.ch\/wp-content\/uploads\/2022\/09\/Predelovnik_blog-300x71.png 300w, https:\/\/www.ceskaskolaluzern.ch\/wp-content\/uploads\/2022\/09\/Predelovnik_blog-768x181.png 768w, https:\/\/www.ceskaskolaluzern.ch\/wp-content\/uploads\/2022\/09\/Predelovnik_blog-320x75.png 320w, https:\/\/www.ceskaskolaluzern.ch\/wp-content\/uploads\/2022\/09\/Predelovnik_blog-190x45.png 190w, https:\/\/www.ceskaskolaluzern.ch\/wp-content\/uploads\/2022\/09\/Predelovnik_blog-1000x236.png 1000w, https:\/\/www.ceskaskolaluzern.ch\/wp-content\/uploads\/2022\/09\/Predelovnik_blog.png 1004w\" sizes=\"(max-width: 300px) 100vw, 300px\" \/>\n<p>&nbsp;<\/p>\n<p>Unsere zweite Veranstaltung <strong>Tschechischunterricht in den Bergen<\/strong> fand dieses Jahr in der atemberaubenden Umgebung des Kantons Wallis statt. Das gem\u00fctliche <a href=\"https:\/\/blinnenhorn.ch\/\">Berghotel <strong>Blinnenhorn<\/strong><\/a> in <a href=\"https:\/\/www.goms.ch\/goms\/orte\/reckingen\">Reckingen<\/a> diente uns als Basis, von der aus wir t\u00e4glich zu neuen Abenteuern aufbrachen.<\/p>\n<p><strong>Am Donnerstag<\/strong> reisten wir voller Vorfreude an. Nach dem Auspacken begannen die Kinder direkt mit dem Unterricht. Die frische Bergluft, die Ruhe des Hotels und der Blick auf die umliegende Natur schufen ideale Bedingungen zum Lernen. Die Kinder waren motiviert und voller Energie.<\/p>\n<h4>Regenwetter und kreative Ideen<\/h4>\n<p>Der Freitag brachte Regen, doch das hielt uns nicht davon ab, den Tag kreativ zu gestalten. Am Vormittag spielten die Kinder begeistert Gesellschaftsspiele wie Bingo und Lotto. Nachmittags hatten die \u00e4lteren Kinder eine spielerische Unterrichtsstunde mit <a href=\"https:\/\/www.ceskaskolaluzern.ch\/de\/ueber-uns\/unser-team\/\"><strong>Tereza Hru\u0161kov\u00e1<\/strong><\/a>, die viele neue Ideen und kreative Ans\u00e4tze einbrachte.<\/p>\n<p>Am Nachmittag besuchten wir das Schwimmbad im <strong>Sport Resort Fiesch<\/strong>. Schwimmen und Wasserspiele sorgten f\u00fcr viel Spass und Freude. Am Abend schauten wir gemeinsam den Filmklassiker \u201eSaxana\u201c \u2013 ein entspannter Abschluss eines abwechslungsreichen Tages.<\/p>\n<h4>Bewegung und Natur erleben<\/h4>\n<p>Der Samstag stand ganz im Zeichen von Bewegung und Natur. W\u00e4hrend die j\u00fcngeren Kinder am Vormittag weiter unterrichtet wurden, hatten die \u00e4lteren freie Zeit f\u00fcr Spiele und Entspannung.<\/p>\n<p>Am Nachmittag fuhren wir mit dem Zug nach <strong>Obergesteln<\/strong>. Auf dem R\u00fcckweg wanderten wir durch die Berglandschaft zur\u00fcck nach Reckingen. Den Abend verbrachten wir mit Gespr\u00e4chen und Spielen, w\u00e4hrend die Sonne hinter den Bergen verschwand.<\/p>\n<p>Dieses Wochenende voller Lernen, Abenteuer und Gemeinschaft war ein voller Erfolg. Ein herzliches Dankesch\u00f6n an alle, die zur Organisation beigetragen haben! Wir freuen uns schon jetzt auf die n\u00e4chste Ausgabe von <strong>Tschechischunterricht in den Bergen<\/strong>, die vom<a href=\"https:\/\/www.ceskaskolaluzern.ch\/de\/veranstaltungskalender\/\"> <strong>19.&nbsp;bis 22. Juni 2025<\/strong> in <strong>Meielisalp bei Interlaken<\/strong><\/a> stattfinden wird.<\/p>\n<p><strong>M\u00f6chtet ihr uns kennenlernen?<\/strong><br \/>\nBesucht mit euren Kindern eine Probestunde in Tschechisch und erlebt selbst, wie wir Sprache, Kultur und Gemeinschaft verbinden. Meldet euch f\u00fcr weitere <a href=\"info@ceskaskolaluzern.ch\">Informationen<\/a> oder eine <a href=\"https:\/\/www.ceskaskolaluzern.ch\/de\/schnupperstunde\/\">Schnupperstunde<\/a> \u2013 wir freuen uns auf euch!<\/p>\n<p>&nbsp;<\/p>\n<img decoding=\"async\" class=\"alignnone wp-image-971\" src=\"data:image\/gif;base64,R0lGODlhAQABAIAAAAAAAP\/\/\/yH5BAEAAAAALAAAAAABAAEAAAIBRAA7\" data-src=\"https:\/\/www.ceskaskolaluzern.ch\/wp-content\/uploads\/2022\/09\/cropped-Ceska_skola_Logo_2022_kruh-300x300.png\" alt=\"\" width=\"28\" height=\"28\" srcset=\"data:image\/gif;base64,R0lGODlhAQABAIAAAAAAAP\/\/\/yH5BAEAAAAALAAAAAABAAEAAAIBRAA7\" data-srcset=\"https:\/\/www.ceskaskolaluzern.ch\/wp-content\/uploads\/2022\/09\/cropped-Ceska_skola_Logo_2022_kruh-300x300.png 300w, https:\/\/www.ceskaskolaluzern.ch\/wp-content\/uploads\/2022\/09\/cropped-Ceska_skola_Logo_2022_kruh-150x150.png 150w, https:\/\/www.ceskaskolaluzern.ch\/wp-content\/uploads\/2022\/09\/cropped-Ceska_skola_Logo_2022_kruh-320x320.png 320w, https:\/\/www.ceskaskolaluzern.ch\/wp-content\/uploads\/2022\/09\/cropped-Ceska_skola_Logo_2022_kruh-190x190.png 190w, https:\/\/www.ceskaskolaluzern.ch\/wp-content\/uploads\/2022\/09\/cropped-Ceska_skola_Logo_2022_kruh-160x160.png 160w, https:\/\/www.ceskaskolaluzern.ch\/wp-content\/uploads\/2022\/09\/cropped-Ceska_skola_Logo_2022_kruh-500x512.png 500w, https:\/\/www.ceskaskolaluzern.ch\/wp-content\/uploads\/2022\/09\/cropped-Ceska_skola_Logo_2022_kruh-88x88.png 88w, https:\/\/www.ceskaskolaluzern.ch\/wp-content\/uploads\/2022\/09\/cropped-Ceska_skola_Logo_2022_kruh-176x176.png 176w, https:\/\/www.ceskaskolaluzern.ch\/wp-content\/uploads\/2022\/09\/cropped-Ceska_skola_Logo_2022_kruh-270x270.png 270w, https:\/\/www.ceskaskolaluzern.ch\/wp-content\/uploads\/2022\/09\/cropped-Ceska_skola_Logo_2022_kruh-192x192.png 192w, https:\/\/www.ceskaskolaluzern.ch\/wp-content\/uploads\/2022\/09\/cropped-Ceska_skola_Logo_2022_kruh-180x180.png 180w, https:\/\/www.ceskaskolaluzern.ch\/wp-content\/uploads\/2022\/09\/cropped-Ceska_skola_Logo_2022_kruh-32x32.png 32w, https:\/\/www.ceskaskolaluzern.ch\/wp-content\/uploads\/2022\/09\/cropped-Ceska_skola_Logo_2022_kruh.png 512w\" sizes=\"(max-width: 28px) 100vw, 28px\" \/>\n<div style=\"position: relative; width: 100%; height: 0; padding-top: 56.2500%; padding-bottom: 0; box-shadow: 0 2px 8px 0 rgba(63,69,81,0.16); margin-top: 1.6em; margin-bottom: 0.9em; overflow: hidden; border-radius: 8px; will-change: transform;\"><iframe style=\"position: absolute; width: 100%; height: 100%; top: 0; left: 0; border: none; padding: 0; margin: 0;\" src=\"https:\/\/www.canva.com\/design\/DAGUmkEgd0I\/vsyk2wm6WgrG7z5YiSl9yg\/watch?embed\" allowfullscreen=\"allowfullscreen\" data-mce-fragment=\"1\"><br \/>\n<\/iframe><\/div>\n","protected":false},"excerpt":{"rendered":"<p>\ud83c\udfde\ufe0f Unterricht, Wanderungen und Spiele in den Walliser Alpen. Ein unvergessliches Wochenende f\u00fcr alle Kinder!\ud83c\udf89<\/p>\n","protected":false},"author":2,"featured_media":3052,"comment_status":"open","ping_status":"open","sticky":false,"template":"","format":"standard","meta":{"footnotes":""},"categories":[29,30],"tags":[296,297,155,298,129,299,153,295],"class_list":["post-3593","post","type-post","status-publish","format-standard","has-post-thumbnail","hentry","category-aktuelles","category-news","tag-kinderaktivitaeten","tag-lernen-durch-spielen","tag-lernen-im-freien","tag-schule-in-der-natur","tag-tschechische-schule-luzern","tag-tschechischunterricht","tag-unterricht-in-den-bergen","tag-wallis-de"],"yoast_head":"<!-- This site is optimized with the Yoast SEO plugin v25.6 - https:\/\/yoast.com\/wordpress\/plugins\/seo\/ -->\n<title>Tschechischunterricht in den Bergen 2024 | \u010cesk\u00e1 \u0161kola Luzern<\/title>\n<meta name=\"description\" content=\"Tschechischunterricht in den Bergen: Ein verl\u00e4ngertes Wochenende voller Lernen, Spiele und Abenteuer in den Walliser Alpen.\" \/>\n<meta name=\"robots\" content=\"index, follow, max-snippet:-1, max-image-preview:large, max-video-preview:-1\" \/>\n<link rel=\"canonical\" href=\"https:\/\/www.ceskaskolaluzern.ch\/de\/tschechischunterricht-in-den-bergen-2024\/\" \/>\n<meta property=\"og:locale\" content=\"de_DE\" \/>\n<meta property=\"og:type\" content=\"article\" \/>\n<meta property=\"og:title\" content=\"Tschechischunterricht in den Bergen 2024 | \u010cesk\u00e1 \u0161kola Luzern\" \/>\n<meta property=\"og:description\" content=\"Tschechischunterricht in den Bergen: Ein verl\u00e4ngertes Wochenende voller Lernen, Spiele und Abenteuer in den Walliser Alpen.\" \/>\n<meta property=\"og:url\" content=\"https:\/\/www.ceskaskolaluzern.ch\/de\/tschechischunterricht-in-den-bergen-2024\/\" \/>\n<meta property=\"og:site_name\" content=\"\u010cesk\u00e1 \u0161kola Luzern\" \/>\n<meta property=\"article:publisher\" content=\"https:\/\/www.facebook.com\/ceskaskola.luzern\/\" \/>\n<meta property=\"article:published_time\" content=\"2024-06-16T13:30:01+00:00\" \/>\n<meta property=\"article:modified_time\" content=\"2025-01-17T12:56:15+00:00\" \/>\n<meta property=\"og:image\" content=\"https:\/\/www.ceskaskolaluzern.ch\/wp-content\/uploads\/2024\/10\/Skola-v-prirode_Wallis_2024-1.png\" \/>\n\t<meta property=\"og:image:width\" content=\"800\" \/>\n\t<meta property=\"og:image:height\" content=\"600\" \/>\n\t<meta property=\"og:image:type\" content=\"image\/png\" \/>\n<meta name=\"author\" content=\"Silvie Sharma\" \/>\n<meta name=\"twitter:card\" content=\"summary_large_image\" \/>\n<meta name=\"twitter:label1\" content=\"Verfasst von\" \/>\n\t<meta name=\"twitter:data1\" content=\"Silvie Sharma\" \/>\n\t<meta name=\"twitter:label2\" content=\"Gesch\u00e4tzte Lesezeit\" \/>\n\t<meta name=\"twitter:data2\" content=\"3\u00a0Minuten\" \/>\n<!-- \/ Yoast SEO plugin. -->","yoast_head_json":{"title":"Tschechischunterricht in den Bergen 2024 | \u010cesk\u00e1 \u0161kola Luzern","description":"Tschechischunterricht in den Bergen: Ein verl\u00e4ngertes Wochenende voller Lernen, Spiele und Abenteuer in den Walliser Alpen.","robots":{"index":"index","follow":"follow","max-snippet":"max-snippet:-1","max-image-preview":"max-image-preview:large","max-video-preview":"max-video-preview:-1"},"canonical":"https:\/\/www.ceskaskolaluzern.ch\/de\/tschechischunterricht-in-den-bergen-2024\/","og_locale":"de_DE","og_type":"article","og_title":"Tschechischunterricht in den Bergen 2024 | \u010cesk\u00e1 \u0161kola Luzern","og_description":"Tschechischunterricht in den Bergen: Ein verl\u00e4ngertes Wochenende voller Lernen, Spiele und Abenteuer in den Walliser Alpen.","og_url":"https:\/\/www.ceskaskolaluzern.ch\/de\/tschechischunterricht-in-den-bergen-2024\/","og_site_name":"\u010cesk\u00e1 \u0161kola Luzern","article_publisher":"https:\/\/www.facebook.com\/ceskaskola.luzern\/","article_published_time":"2024-06-16T13:30:01+00:00","article_modified_time":"2025-01-17T12:56:15+00:00","og_image":[{"width":800,"height":600,"url":"https:\/\/www.ceskaskolaluzern.ch\/wp-content\/uploads\/2024\/10\/Skola-v-prirode_Wallis_2024-1.png","type":"image\/png"}],"author":"Silvie Sharma","twitter_card":"summary_large_image","twitter_misc":{"Verfasst von":"Silvie Sharma","Gesch\u00e4tzte Lesezeit":"3\u00a0Minuten"},"schema":{"@context":"https:\/\/schema.org","@graph":[{"@type":"Article","@id":"https:\/\/www.ceskaskolaluzern.ch\/de\/tschechischunterricht-in-den-bergen-2024\/#article","isPartOf":{"@id":"https:\/\/www.ceskaskolaluzern.ch\/de\/tschechischunterricht-in-den-bergen-2024\/"},"author":{"name":"Silvie Sharma","@id":"https:\/\/www.ceskaskolaluzern.ch\/#\/schema\/person\/2454d88303d54d68e8d537479cf98971"},"headline":"Tschechischunterricht in den Bergen 2024","datePublished":"2024-06-16T13:30:01+00:00","dateModified":"2025-01-17T12:56:15+00:00","mainEntityOfPage":{"@id":"https:\/\/www.ceskaskolaluzern.ch\/de\/tschechischunterricht-in-den-bergen-2024\/"},"wordCount":361,"commentCount":0,"publisher":{"@id":"https:\/\/www.ceskaskolaluzern.ch\/#organization"},"image":{"@id":"https:\/\/www.ceskaskolaluzern.ch\/de\/tschechischunterricht-in-den-bergen-2024\/#primaryimage"},"thumbnailUrl":"https:\/\/www.ceskaskolaluzern.ch\/wp-content\/uploads\/2024\/10\/Skola-v-prirode_Wallis_2024-1.png","keywords":["Kinderaktivit\u00e4ten","Lernen durch Spielen","Lernen im Freien","Schule in der Natur","Tschechische Schule Luzern","Tschechischunterricht","Unterricht in den Bergen","Wallis"],"articleSection":["Aktuell aus der Schule","News"],"inLanguage":"de","potentialAction":[{"@type":"CommentAction","name":"Comment","target":["https:\/\/www.ceskaskolaluzern.ch\/de\/tschechischunterricht-in-den-bergen-2024\/#respond"]}]},{"@type":"WebPage","@id":"https:\/\/www.ceskaskolaluzern.ch\/de\/tschechischunterricht-in-den-bergen-2024\/","url":"https:\/\/www.ceskaskolaluzern.ch\/de\/tschechischunterricht-in-den-bergen-2024\/","name":"Tschechischunterricht in den Bergen 2024 | \u010cesk\u00e1 \u0161kola Luzern","isPartOf":{"@id":"https:\/\/www.ceskaskolaluzern.ch\/#website"},"primaryImageOfPage":{"@id":"https:\/\/www.ceskaskolaluzern.ch\/de\/tschechischunterricht-in-den-bergen-2024\/#primaryimage"},"image":{"@id":"https:\/\/www.ceskaskolaluzern.ch\/de\/tschechischunterricht-in-den-bergen-2024\/#primaryimage"},"thumbnailUrl":"https:\/\/www.ceskaskolaluzern.ch\/wp-content\/uploads\/2024\/10\/Skola-v-prirode_Wallis_2024-1.png","datePublished":"2024-06-16T13:30:01+00:00","dateModified":"2025-01-17T12:56:15+00:00","description":"Tschechischunterricht in den Bergen: Ein verl\u00e4ngertes Wochenende voller Lernen, Spiele und Abenteuer in den Walliser Alpen.","breadcrumb":{"@id":"https:\/\/www.ceskaskolaluzern.ch\/de\/tschechischunterricht-in-den-bergen-2024\/#breadcrumb"},"inLanguage":"de","potentialAction":[{"@type":"ReadAction","target":["https:\/\/www.ceskaskolaluzern.ch\/de\/tschechischunterricht-in-den-bergen-2024\/"]}]},{"@type":"ImageObject","inLanguage":"de","@id":"https:\/\/www.ceskaskolaluzern.ch\/de\/tschechischunterricht-in-den-bergen-2024\/#primaryimage","url":"https:\/\/www.ceskaskolaluzern.ch\/wp-content\/uploads\/2024\/10\/Skola-v-prirode_Wallis_2024-1.png","contentUrl":"https:\/\/www.ceskaskolaluzern.ch\/wp-content\/uploads\/2024\/10\/Skola-v-prirode_Wallis_2024-1.png","width":800,"height":600,"caption":"Tschechischunterricht in den Bergen Wallis| 2024"},{"@type":"BreadcrumbList","@id":"https:\/\/www.ceskaskolaluzern.ch\/de\/tschechischunterricht-in-den-bergen-2024\/#breadcrumb","itemListElement":[{"@type":"ListItem","position":1,"name":"\u00davod","item":"https:\/\/www.ceskaskolaluzern.ch\/de\/"},{"@type":"ListItem","position":2,"name":"Tschechischunterricht in den Bergen 2024"}]},{"@type":"WebSite","@id":"https:\/\/www.ceskaskolaluzern.ch\/#website","url":"https:\/\/www.ceskaskolaluzern.ch\/","name":"\u010cesk\u00e1 \u0161kola Luzern","description":"","publisher":{"@id":"https:\/\/www.ceskaskolaluzern.ch\/#organization"},"potentialAction":[{"@type":"SearchAction","target":{"@type":"EntryPoint","urlTemplate":"https:\/\/www.ceskaskolaluzern.ch\/?s={search_term_string}"},"query-input":{"@type":"PropertyValueSpecification","valueRequired":true,"valueName":"search_term_string"}}],"inLanguage":"de"},{"@type":"Organization","@id":"https:\/\/www.ceskaskolaluzern.ch\/#organization","name":"\u010cesk\u00e1 \u0161kola Luzern","url":"https:\/\/www.ceskaskolaluzern.ch\/","logo":{"@type":"ImageObject","inLanguage":"de","@id":"https:\/\/www.ceskaskolaluzern.ch\/#\/schema\/logo\/image\/","url":"https:\/\/www.ceskaskolaluzern.ch\/wp-content\/uploads\/2022\/06\/Ceska_skola_Logo_2022_.png","contentUrl":"https:\/\/www.ceskaskolaluzern.ch\/wp-content\/uploads\/2022\/06\/Ceska_skola_Logo_2022_.png","width":2138,"height":808,"caption":"\u010cesk\u00e1 \u0161kola Luzern"},"image":{"@id":"https:\/\/www.ceskaskolaluzern.ch\/#\/schema\/logo\/image\/"},"sameAs":["https:\/\/www.facebook.com\/ceskaskola.luzern\/","https:\/\/www.linkedin.com\/company\/ceska-skola-luzern\/","https:\/\/www.instagram.com\/ceskaskola.luzern\/"]},{"@type":"Person","@id":"https:\/\/www.ceskaskolaluzern.ch\/#\/schema\/person\/2454d88303d54d68e8d537479cf98971","name":"Silvie Sharma","image":{"@type":"ImageObject","inLanguage":"de","@id":"https:\/\/www.ceskaskolaluzern.ch\/#\/schema\/person\/image\/","url":"https:\/\/secure.gravatar.com\/avatar\/559e752837428714c8ce5c6adad5652e?s=96&d=mm&r=g","contentUrl":"https:\/\/secure.gravatar.com\/avatar\/559e752837428714c8ce5c6adad5652e?s=96&d=mm&r=g","caption":"Silvie Sharma"}}]}},"_links":{"self":[{"href":"https:\/\/www.ceskaskolaluzern.ch\/de\/wp-json\/wp\/v2\/posts\/3593","targetHints":{"allow":["GET"]}}],"collection":[{"href":"https:\/\/www.ceskaskolaluzern.ch\/de\/wp-json\/wp\/v2\/posts"}],"about":[{"href":"https:\/\/www.ceskaskolaluzern.ch\/de\/wp-json\/wp\/v2\/types\/post"}],"author":[{"embeddable":true,"href":"https:\/\/www.ceskaskolaluzern.ch\/de\/wp-json\/wp\/v2\/users\/2"}],"replies":[{"embeddable":true,"href":"https:\/\/www.ceskaskolaluzern.ch\/de\/wp-json\/wp\/v2\/comments?post=3593"}],"version-history":[{"count":6,"href":"https:\/\/www.ceskaskolaluzern.ch\/de\/wp-json\/wp\/v2\/posts\/3593\/revisions"}],"predecessor-version":[{"id":3601,"href":"https:\/\/www.ceskaskolaluzern.ch\/de\/wp-json\/wp\/v2\/posts\/3593\/revisions\/3601"}],"wp:featuredmedia":[{"embeddable":true,"href":"https:\/\/www.ceskaskolaluzern.ch\/de\/wp-json\/wp\/v2\/media\/3052"}],"wp:attachment":[{"href":"https:\/\/www.ceskaskolaluzern.ch\/de\/wp-json\/wp\/v2\/media?parent=3593"}],"wp:term":[{"taxonomy":"category","embeddable":true,"href":"https:\/\/www.ceskaskolaluzern.ch\/de\/wp-json\/wp\/v2\/categories?post=3593"},{"taxonomy":"post_tag","embeddable":true,"href":"https:\/\/www.ceskaskolaluzern.ch\/de\/wp-json\/wp\/v2\/tags?post=3593"}],"curies":[{"name":"wp","href":"https:\/\/api.w.org\/{rel}","templated":true}]}}