{"id":3574,"date":"2024-08-25T20:00:51","date_gmt":"2024-08-25T18:00:51","guid":{"rendered":"https:\/\/www.ceskaskolaluzern.ch\/podpora-ceske-kultury-a-vzdelavani-leto-s-ceskou-skolou-luzern\/"},"modified":"2025-01-17T13:11:24","modified_gmt":"2025-01-17T12:11:24","slug":"sommer-2024-kultur-und-bildung","status":"publish","type":"post","link":"https:\/\/www.ceskaskolaluzern.ch\/de\/sommer-2024-kultur-und-bildung\/","title":{"rendered":"Unser Sommer 2024: Kultur und Bildung"},"content":{"rendered":"<p><em><strong><img decoding=\"async\" class=\"alignleft wp-image-3582 size-medium\" src=\"data:image\/gif;base64,R0lGODlhAQABAIAAAAAAAP\/\/\/yH5BAEAAAAALAAAAAABAAEAAAIBRAA7\" data-src=\"https:\/\/www.ceskaskolaluzern.ch\/wp-content\/uploads\/2024\/08\/Leto-Workshop-Konference-PHA-2024-800-x-600-px-1-300x225.png\" alt=\"\" width=\"300\" height=\"225\" srcset=\"data:image\/gif;base64,R0lGODlhAQABAIAAAAAAAP\/\/\/yH5BAEAAAAALAAAAAABAAEAAAIBRAA7\" data-srcset=\"https:\/\/www.ceskaskolaluzern.ch\/wp-content\/uploads\/2024\/08\/Leto-Workshop-Konference-PHA-2024-800-x-600-px-1-300x225.png 300w, https:\/\/www.ceskaskolaluzern.ch\/wp-content\/uploads\/2024\/08\/Leto-Workshop-Konference-PHA-2024-800-x-600-px-1-768x576.png 768w, https:\/\/www.ceskaskolaluzern.ch\/wp-content\/uploads\/2024\/08\/Leto-Workshop-Konference-PHA-2024-800-x-600-px-1-320x240.png 320w, https:\/\/www.ceskaskolaluzern.ch\/wp-content\/uploads\/2024\/08\/Leto-Workshop-Konference-PHA-2024-800-x-600-px-1-190x143.png 190w, https:\/\/www.ceskaskolaluzern.ch\/wp-content\/uploads\/2024\/08\/Leto-Workshop-Konference-PHA-2024-800-x-600-px-1.png 800w\" sizes=\"(max-width: 300px) 100vw, 300px\" \/><\/strong><\/em><em><strong>Der Sommer 2024 stand f\u00fcr die Tschechische Schule Luzern im Zeichen tschechischer Traditionen und Bildungsinnovationen. Wir erlebten das Sokol-Turnfest in Prag und sammelten neue Impulse auf einer internationalen Konferenz. Dies zeigte erneut, wie wir Kultur, Bildung und unsere Gemeinschaft verbinden. \u00a0 \u00a0\u00a0<\/strong><\/em><\/p>\n<img decoding=\"async\" class=\"alignnone size-medium wp-image-1098\" src=\"data:image\/gif;base64,R0lGODlhAQABAIAAAAAAAP\/\/\/yH5BAEAAAAALAAAAAABAAEAAAIBRAA7\" data-src=\"https:\/\/www.ceskaskolaluzern.ch\/wp-content\/uploads\/2022\/09\/Predelovnik_blog-300x71.png\" alt=\"\" width=\"300\" height=\"71\" srcset=\"data:image\/gif;base64,R0lGODlhAQABAIAAAAAAAP\/\/\/yH5BAEAAAAALAAAAAABAAEAAAIBRAA7\" data-srcset=\"https:\/\/www.ceskaskolaluzern.ch\/wp-content\/uploads\/2022\/09\/Predelovnik_blog-300x71.png 300w, https:\/\/www.ceskaskolaluzern.ch\/wp-content\/uploads\/2022\/09\/Predelovnik_blog-768x181.png 768w, https:\/\/www.ceskaskolaluzern.ch\/wp-content\/uploads\/2022\/09\/Predelovnik_blog-320x75.png 320w, https:\/\/www.ceskaskolaluzern.ch\/wp-content\/uploads\/2022\/09\/Predelovnik_blog-190x45.png 190w, https:\/\/www.ceskaskolaluzern.ch\/wp-content\/uploads\/2022\/09\/Predelovnik_blog-1000x236.png 1000w, https:\/\/www.ceskaskolaluzern.ch\/wp-content\/uploads\/2022\/09\/Predelovnik_blog.png 1004w\" sizes=\"(max-width: 300px) 100vw, 300px\" \/>\n<p>Der Sommer 2024 war f\u00fcr die Tschechische Schule Luzern besonders ereignisreich. Unsere Aktivit\u00e4ten f\u00fchrten uns zu bedeutenden internationalen Veranstaltungen. Gleichzeitig vertieften wir die Verbindung zu tschechischen Traditionen und modernen Lehrmethoden.<\/p>\n<h4><strong>Gemeinsame Erlebnisse beim Sokol-Turnfest in Prag<\/strong><\/h4>\n<p>Anfang Juli nahmen einige Kinder der Tschechischen Schule Luzern gemeinsam mit ihren Eltern am <strong>XVII. Sokol-Turnfest<\/strong> in Prag teil \u2013 organisiert unter der Schirmherrschaft des <a href=\"https:\/\/www.sokol.ch\/\"><strong>Verbandes der Schweizer Sokol-Vereine<\/strong><\/a>. Diese Veranstaltung brachte mehr als 20.000 Teilnehmer aus der ganzen Welt zusammen, die gemeinsam Tradition, Freundschaft und Bewegung feierten.<\/p>\n<p>Die Kinder und Erwachsenen genossen nicht nur das Training und die Vorf\u00fchrungen, sondern auch die einzigartige Atmosph\u00e4re voller Freude und Gemeinschaftsgeist. Ein besonderer Dank geht an den <strong>Verband der Schweizer Sokol-Vereine<\/strong> f\u00fcr die Unterst\u00fctzung sowie an die <a href=\"https:\/\/www.sokol.eu\/\">Organisatoren des Events<\/a>. Mit diesen unvergesslichen Eindr\u00fccken freuen wir uns schon jetzt auf das n\u00e4chste Turnfest in sechs Jahren!<\/p>\n<h4><strong>Inspiration von der internationalen Konferenz tschechischer Schulen<\/strong><\/h4>\n<p>Im August nahmen wir an der <a href=\"https:\/\/csbh.cz\/konference-ceskych-skol-v-zahranici\/xvi-mezinarodni-konference-ceskych-skol-v-zahranici-2024\/\"><strong>XVI. Internationalen Konferenz tschechischer Schulen im Ausland<\/strong><\/a> teil, die in Prag stattfand. Unsere Vertreterin, <strong>Michaela Barto\u0161ov\u00e1<\/strong>, konnte dort nicht nur neue Erkenntnisse gewinnen, sondern auch wertvolle Kontakte mit Kollegen aus der ganzen Welt kn\u00fcpfen.<\/p>\n<p>Ein <a href=\"https:\/\/csbh.cz\/konference-ceskych-skol-v-zahranici\/pozvanka-na-workshop-vyuziti-modernich-technologii-pri-vyuce-jazyku\/\">zweit\u00e4giger Workshop<\/a>, der sich auf den Einsatz moderner Technologien im Sprachunterricht konzentrierte, brachte viele innovative Ideen mit sich, die wir <a href=\"https:\/\/www.ceskaskolaluzern.ch\/de\/unterricht\/\">in unseren Unterricht<\/a> integrieren m\u00f6chten. Diese Erfahrung hat unsere Position als Ort gest\u00e4rkt, an dem die tschechische Sprache und Kultur auch im Ausland erhalten bleiben.<\/p>\n<p>Der Sommer 2024 hat uns gezeigt, wie wichtig die Rolle der Tschechischen Schule Luzern f\u00fcr die Gemeinschaft ist. Wir sind nicht nur ein Ort der Bildung, sondern auch eine Br\u00fccke zwischen tschechischer Kultur und modernen Ans\u00e4tzen im Ausland.<\/p>\n<p>Habt ihr Lust, uns kennenzulernen?<br \/>\nBesucht mit euren Kindern eine <a href=\"https:\/\/www.ceskaskolaluzern.ch\/de\/schnupperstunde\/\">Schnupperstunde<\/a> und entdeckt, wie wir tschechische Kultur und Bildung f\u00f6rdern. Z\u00f6gert nicht, uns f\u00fcr weitere Informationen <a href=\"https:\/\/www.ceskaskolaluzern.ch\/de\/kontakte\/\">zu kontaktieren<\/a> \u2013 wir freuen uns auf euch!<\/p>\n<img decoding=\"async\" class=\"alignnone wp-image-971\" src=\"data:image\/gif;base64,R0lGODlhAQABAIAAAAAAAP\/\/\/yH5BAEAAAAALAAAAAABAAEAAAIBRAA7\" data-src=\"https:\/\/www.ceskaskolaluzern.ch\/wp-content\/uploads\/2022\/09\/cropped-Ceska_skola_Logo_2022_kruh-300x300.png\" alt=\"\" width=\"28\" height=\"28\" srcset=\"data:image\/gif;base64,R0lGODlhAQABAIAAAAAAAP\/\/\/yH5BAEAAAAALAAAAAABAAEAAAIBRAA7\" data-srcset=\"https:\/\/www.ceskaskolaluzern.ch\/wp-content\/uploads\/2022\/09\/cropped-Ceska_skola_Logo_2022_kruh-300x300.png 300w, https:\/\/www.ceskaskolaluzern.ch\/wp-content\/uploads\/2022\/09\/cropped-Ceska_skola_Logo_2022_kruh-150x150.png 150w, https:\/\/www.ceskaskolaluzern.ch\/wp-content\/uploads\/2022\/09\/cropped-Ceska_skola_Logo_2022_kruh-320x320.png 320w, https:\/\/www.ceskaskolaluzern.ch\/wp-content\/uploads\/2022\/09\/cropped-Ceska_skola_Logo_2022_kruh-190x190.png 190w, https:\/\/www.ceskaskolaluzern.ch\/wp-content\/uploads\/2022\/09\/cropped-Ceska_skola_Logo_2022_kruh-160x160.png 160w, https:\/\/www.ceskaskolaluzern.ch\/wp-content\/uploads\/2022\/09\/cropped-Ceska_skola_Logo_2022_kruh-500x512.png 500w, https:\/\/www.ceskaskolaluzern.ch\/wp-content\/uploads\/2022\/09\/cropped-Ceska_skola_Logo_2022_kruh-88x88.png 88w, https:\/\/www.ceskaskolaluzern.ch\/wp-content\/uploads\/2022\/09\/cropped-Ceska_skola_Logo_2022_kruh-176x176.png 176w, https:\/\/www.ceskaskolaluzern.ch\/wp-content\/uploads\/2022\/09\/cropped-Ceska_skola_Logo_2022_kruh-270x270.png 270w, https:\/\/www.ceskaskolaluzern.ch\/wp-content\/uploads\/2022\/09\/cropped-Ceska_skola_Logo_2022_kruh-192x192.png 192w, https:\/\/www.ceskaskolaluzern.ch\/wp-content\/uploads\/2022\/09\/cropped-Ceska_skola_Logo_2022_kruh-180x180.png 180w, https:\/\/www.ceskaskolaluzern.ch\/wp-content\/uploads\/2022\/09\/cropped-Ceska_skola_Logo_2022_kruh-32x32.png 32w, https:\/\/www.ceskaskolaluzern.ch\/wp-content\/uploads\/2022\/09\/cropped-Ceska_skola_Logo_2022_kruh.png 512w\" sizes=\"(max-width: 28px) 100vw, 28px\" \/>\n<div class=\"group\/conversation-turn relative flex w-full min-w-0 flex-col agent-turn\">\n<div class=\"flex-col gap-1 md:gap-3\">\n<div class=\"flex flex-grow flex-col max-w-full\">\n<div class=\"min-h-[20px] text-message flex flex-col items-start whitespace-pre-wrap break-words [.text-message+&amp;]:mt-5 juice:w-full juice:items-end overflow-x-auto gap-2\" dir=\"auto\" data-message-author-role=\"assistant\" data-message-id=\"de234a85-c68b-471a-a4c1-9f96f677ec2a\">\n<div class=\"flex w-full flex-col gap-1 juice:empty:hidden juice:first:pt-[3px]\">\n<p>&nbsp;<\/p>\n<div id='gallery-1' class='gallery galleryid-3574 gallery-columns-3 gallery-size-medium'><dl class='gallery-item'>\n\t\t\t<dt class='gallery-icon landscape'>\n\t\t\t\t<a href='https:\/\/www.ceskaskolaluzern.ch\/de\/sommer-2024-kultur-und-bildung\/leto-workshop-konference-pha-2024-800-x-600-px-2-2\/'><img fetchpriority=\"high\" decoding=\"async\" width=\"300\" height=\"225\" src=\"data:image\/gif;base64,R0lGODlhAQABAIAAAAAAAP\/\/\/yH5BAEAAAAALAAAAAABAAEAAAIBRAA7\" data-src=\"https:\/\/www.ceskaskolaluzern.ch\/wp-content\/uploads\/2024\/08\/Leto-Workshop-Konference-PHA-2024-800-x-600-px-2-300x225.png\" class=\"attachment-medium size-medium\" alt=\"\" srcset=\"data:image\/gif;base64,R0lGODlhAQABAIAAAAAAAP\/\/\/yH5BAEAAAAALAAAAAABAAEAAAIBRAA7\" data-srcset=\"https:\/\/www.ceskaskolaluzern.ch\/wp-content\/uploads\/2024\/08\/Leto-Workshop-Konference-PHA-2024-800-x-600-px-2-300x225.png 300w, https:\/\/www.ceskaskolaluzern.ch\/wp-content\/uploads\/2024\/08\/Leto-Workshop-Konference-PHA-2024-800-x-600-px-2-768x576.png 768w, https:\/\/www.ceskaskolaluzern.ch\/wp-content\/uploads\/2024\/08\/Leto-Workshop-Konference-PHA-2024-800-x-600-px-2-320x240.png 320w, https:\/\/www.ceskaskolaluzern.ch\/wp-content\/uploads\/2024\/08\/Leto-Workshop-Konference-PHA-2024-800-x-600-px-2-190x143.png 190w, https:\/\/www.ceskaskolaluzern.ch\/wp-content\/uploads\/2024\/08\/Leto-Workshop-Konference-PHA-2024-800-x-600-px-2.png 800w\" sizes=\"(max-width: 300px) 100vw, 300px\" loading=\"eager\" \/><\/a>\n\t\t\t<\/dt><\/dl><dl class='gallery-item'>\n\t\t\t<dt class='gallery-icon landscape'>\n\t\t\t\t<a href='https:\/\/www.ceskaskolaluzern.ch\/de\/1-23-2\/'><img decoding=\"async\" width=\"300\" height=\"225\" src=\"data:image\/gif;base64,R0lGODlhAQABAIAAAAAAAP\/\/\/yH5BAEAAAAALAAAAAABAAEAAAIBRAA7\" data-src=\"https:\/\/www.ceskaskolaluzern.ch\/wp-content\/uploads\/2024\/12\/1-3-300x225.png\" class=\"attachment-medium size-medium\" alt=\"\" srcset=\"data:image\/gif;base64,R0lGODlhAQABAIAAAAAAAP\/\/\/yH5BAEAAAAALAAAAAABAAEAAAIBRAA7\" data-srcset=\"https:\/\/www.ceskaskolaluzern.ch\/wp-content\/uploads\/2024\/12\/1-3-300x225.png 300w, https:\/\/www.ceskaskolaluzern.ch\/wp-content\/uploads\/2024\/12\/1-3-768x576.png 768w, https:\/\/www.ceskaskolaluzern.ch\/wp-content\/uploads\/2024\/12\/1-3-320x240.png 320w, https:\/\/www.ceskaskolaluzern.ch\/wp-content\/uploads\/2024\/12\/1-3-190x143.png 190w, https:\/\/www.ceskaskolaluzern.ch\/wp-content\/uploads\/2024\/12\/1-3.png 800w\" sizes=\"(max-width: 300px) 100vw, 300px\" loading=\"eager\" \/><\/a>\n\t\t\t<\/dt><\/dl><dl class='gallery-item'>\n\t\t\t<dt class='gallery-icon landscape'>\n\t\t\t\t<a href='https:\/\/www.ceskaskolaluzern.ch\/de\/2-18-2\/'><img decoding=\"async\" width=\"300\" height=\"225\" src=\"data:image\/gif;base64,R0lGODlhAQABAIAAAAAAAP\/\/\/yH5BAEAAAAALAAAAAABAAEAAAIBRAA7\" data-src=\"https:\/\/www.ceskaskolaluzern.ch\/wp-content\/uploads\/2024\/12\/2-3-300x225.png\" class=\"attachment-medium size-medium\" alt=\"\" srcset=\"data:image\/gif;base64,R0lGODlhAQABAIAAAAAAAP\/\/\/yH5BAEAAAAALAAAAAABAAEAAAIBRAA7\" data-srcset=\"https:\/\/www.ceskaskolaluzern.ch\/wp-content\/uploads\/2024\/12\/2-3-300x225.png 300w, https:\/\/www.ceskaskolaluzern.ch\/wp-content\/uploads\/2024\/12\/2-3-768x576.png 768w, https:\/\/www.ceskaskolaluzern.ch\/wp-content\/uploads\/2024\/12\/2-3-320x240.png 320w, https:\/\/www.ceskaskolaluzern.ch\/wp-content\/uploads\/2024\/12\/2-3-190x143.png 190w, https:\/\/www.ceskaskolaluzern.ch\/wp-content\/uploads\/2024\/12\/2-3.png 800w\" sizes=\"(max-width: 300px) 100vw, 300px\" loading=\"eager\" \/><\/a>\n\t\t\t<\/dt><\/dl><br style=\"clear: both\" \/><dl class='gallery-item'>\n\t\t\t<dt class='gallery-icon landscape'>\n\t\t\t\t<a href='https:\/\/www.ceskaskolaluzern.ch\/de\/36-2-2\/'><img decoding=\"async\" width=\"300\" height=\"225\" src=\"data:image\/gif;base64,R0lGODlhAQABAIAAAAAAAP\/\/\/yH5BAEAAAAALAAAAAABAAEAAAIBRAA7\" data-src=\"https:\/\/www.ceskaskolaluzern.ch\/wp-content\/uploads\/2024\/12\/36-300x225.png\" class=\"attachment-medium size-medium\" alt=\"\" srcset=\"data:image\/gif;base64,R0lGODlhAQABAIAAAAAAAP\/\/\/yH5BAEAAAAALAAAAAABAAEAAAIBRAA7\" data-srcset=\"https:\/\/www.ceskaskolaluzern.ch\/wp-content\/uploads\/2024\/12\/36-300x225.png 300w, https:\/\/www.ceskaskolaluzern.ch\/wp-content\/uploads\/2024\/12\/36-768x576.png 768w, https:\/\/www.ceskaskolaluzern.ch\/wp-content\/uploads\/2024\/12\/36-320x240.png 320w, https:\/\/www.ceskaskolaluzern.ch\/wp-content\/uploads\/2024\/12\/36-190x143.png 190w, https:\/\/www.ceskaskolaluzern.ch\/wp-content\/uploads\/2024\/12\/36.png 800w\" sizes=\"(max-width: 300px) 100vw, 300px\" loading=\"eager\" \/><\/a>\n\t\t\t<\/dt><\/dl><dl class='gallery-item'>\n\t\t\t<dt class='gallery-icon landscape'>\n\t\t\t\t<a href='https:\/\/www.ceskaskolaluzern.ch\/de\/sommer-2024-kultur-und-bildung\/34-2-2\/'><img decoding=\"async\" width=\"300\" height=\"225\" src=\"data:image\/gif;base64,R0lGODlhAQABAIAAAAAAAP\/\/\/yH5BAEAAAAALAAAAAABAAEAAAIBRAA7\" data-src=\"https:\/\/www.ceskaskolaluzern.ch\/wp-content\/uploads\/2024\/08\/34-300x225.png\" class=\"attachment-medium size-medium\" alt=\"\" srcset=\"data:image\/gif;base64,R0lGODlhAQABAIAAAAAAAP\/\/\/yH5BAEAAAAALAAAAAABAAEAAAIBRAA7\" data-srcset=\"https:\/\/www.ceskaskolaluzern.ch\/wp-content\/uploads\/2024\/08\/34-300x225.png 300w, https:\/\/www.ceskaskolaluzern.ch\/wp-content\/uploads\/2024\/08\/34-768x576.png 768w, https:\/\/www.ceskaskolaluzern.ch\/wp-content\/uploads\/2024\/08\/34-320x240.png 320w, https:\/\/www.ceskaskolaluzern.ch\/wp-content\/uploads\/2024\/08\/34-190x143.png 190w, https:\/\/www.ceskaskolaluzern.ch\/wp-content\/uploads\/2024\/08\/34.png 800w\" sizes=\"(max-width: 300px) 100vw, 300px\" loading=\"eager\" \/><\/a>\n\t\t\t<\/dt><\/dl><dl class='gallery-item'>\n\t\t\t<dt class='gallery-icon landscape'>\n\t\t\t\t<a href='https:\/\/www.ceskaskolaluzern.ch\/de\/6-14-2\/'><img decoding=\"async\" width=\"300\" height=\"225\" src=\"data:image\/gif;base64,R0lGODlhAQABAIAAAAAAAP\/\/\/yH5BAEAAAAALAAAAAABAAEAAAIBRAA7\" data-src=\"https:\/\/www.ceskaskolaluzern.ch\/wp-content\/uploads\/2024\/12\/6-2-300x225.png\" class=\"attachment-medium size-medium\" alt=\"\" srcset=\"data:image\/gif;base64,R0lGODlhAQABAIAAAAAAAP\/\/\/yH5BAEAAAAALAAAAAABAAEAAAIBRAA7\" data-srcset=\"https:\/\/www.ceskaskolaluzern.ch\/wp-content\/uploads\/2024\/12\/6-2-300x225.png 300w, https:\/\/www.ceskaskolaluzern.ch\/wp-content\/uploads\/2024\/12\/6-2-768x576.png 768w, https:\/\/www.ceskaskolaluzern.ch\/wp-content\/uploads\/2024\/12\/6-2-320x240.png 320w, https:\/\/www.ceskaskolaluzern.ch\/wp-content\/uploads\/2024\/12\/6-2-190x143.png 190w, https:\/\/www.ceskaskolaluzern.ch\/wp-content\/uploads\/2024\/12\/6-2.png 800w\" sizes=\"(max-width: 300px) 100vw, 300px\" loading=\"eager\" \/><\/a>\n\t\t\t<\/dt><\/dl><br style=\"clear: both\" \/><dl class='gallery-item'>\n\t\t\t<dt class='gallery-icon landscape'>\n\t\t\t\t<a href='https:\/\/www.ceskaskolaluzern.ch\/de\/sommer-2024-kultur-und-bildung\/3-20-2\/'><img decoding=\"async\" width=\"300\" height=\"225\" src=\"data:image\/gif;base64,R0lGODlhAQABAIAAAAAAAP\/\/\/yH5BAEAAAAALAAAAAABAAEAAAIBRAA7\" data-src=\"https:\/\/www.ceskaskolaluzern.ch\/wp-content\/uploads\/2024\/08\/3-300x225.png\" class=\"attachment-medium size-medium\" alt=\"\" srcset=\"data:image\/gif;base64,R0lGODlhAQABAIAAAAAAAP\/\/\/yH5BAEAAAAALAAAAAABAAEAAAIBRAA7\" data-srcset=\"https:\/\/www.ceskaskolaluzern.ch\/wp-content\/uploads\/2024\/08\/3-300x225.png 300w, https:\/\/www.ceskaskolaluzern.ch\/wp-content\/uploads\/2024\/08\/3-768x576.png 768w, https:\/\/www.ceskaskolaluzern.ch\/wp-content\/uploads\/2024\/08\/3-320x240.png 320w, https:\/\/www.ceskaskolaluzern.ch\/wp-content\/uploads\/2024\/08\/3-190x143.png 190w, https:\/\/www.ceskaskolaluzern.ch\/wp-content\/uploads\/2024\/08\/3.png 800w\" sizes=\"(max-width: 300px) 100vw, 300px\" loading=\"eager\" \/><\/a>\n\t\t\t<\/dt><\/dl><dl class='gallery-item'>\n\t\t\t<dt class='gallery-icon landscape'>\n\t\t\t\t<a href='https:\/\/www.ceskaskolaluzern.ch\/de\/sommer-2024-kultur-und-bildung\/18-2\/'><img decoding=\"async\" width=\"300\" height=\"225\" src=\"data:image\/gif;base64,R0lGODlhAQABAIAAAAAAAP\/\/\/yH5BAEAAAAALAAAAAABAAEAAAIBRAA7\" data-src=\"https:\/\/www.ceskaskolaluzern.ch\/wp-content\/uploads\/2024\/08\/18-300x225.png\" class=\"attachment-medium size-medium\" alt=\"\" srcset=\"data:image\/gif;base64,R0lGODlhAQABAIAAAAAAAP\/\/\/yH5BAEAAAAALAAAAAABAAEAAAIBRAA7\" data-srcset=\"https:\/\/www.ceskaskolaluzern.ch\/wp-content\/uploads\/2024\/08\/18-300x225.png 300w, https:\/\/www.ceskaskolaluzern.ch\/wp-content\/uploads\/2024\/08\/18-768x576.png 768w, https:\/\/www.ceskaskolaluzern.ch\/wp-content\/uploads\/2024\/08\/18-320x240.png 320w, https:\/\/www.ceskaskolaluzern.ch\/wp-content\/uploads\/2024\/08\/18-190x143.png 190w, https:\/\/www.ceskaskolaluzern.ch\/wp-content\/uploads\/2024\/08\/18.png 800w\" sizes=\"(max-width: 300px) 100vw, 300px\" loading=\"eager\" \/><\/a>\n\t\t\t<\/dt><\/dl><dl class='gallery-item'>\n\t\t\t<dt class='gallery-icon landscape'>\n\t\t\t\t<a href='https:\/\/www.ceskaskolaluzern.ch\/de\/sommer-2024-kultur-und-bildung\/9-8-2\/'><img decoding=\"async\" width=\"300\" height=\"225\" src=\"data:image\/gif;base64,R0lGODlhAQABAIAAAAAAAP\/\/\/yH5BAEAAAAALAAAAAABAAEAAAIBRAA7\" data-src=\"https:\/\/www.ceskaskolaluzern.ch\/wp-content\/uploads\/2024\/08\/9-300x225.png\" class=\"attachment-medium size-medium\" alt=\"\" srcset=\"data:image\/gif;base64,R0lGODlhAQABAIAAAAAAAP\/\/\/yH5BAEAAAAALAAAAAABAAEAAAIBRAA7\" data-srcset=\"https:\/\/www.ceskaskolaluzern.ch\/wp-content\/uploads\/2024\/08\/9-300x225.png 300w, https:\/\/www.ceskaskolaluzern.ch\/wp-content\/uploads\/2024\/08\/9-768x576.png 768w, https:\/\/www.ceskaskolaluzern.ch\/wp-content\/uploads\/2024\/08\/9-320x240.png 320w, https:\/\/www.ceskaskolaluzern.ch\/wp-content\/uploads\/2024\/08\/9-190x143.png 190w, https:\/\/www.ceskaskolaluzern.ch\/wp-content\/uploads\/2024\/08\/9.png 800w\" sizes=\"(max-width: 300px) 100vw, 300px\" loading=\"eager\" \/><\/a>\n\t\t\t<\/dt><\/dl><br style=\"clear: both\" \/><dl class='gallery-item'>\n\t\t\t<dt class='gallery-icon landscape'>\n\t\t\t\t<a href='https:\/\/www.ceskaskolaluzern.ch\/de\/10-6-2\/'><img decoding=\"async\" width=\"300\" height=\"225\" src=\"data:image\/gif;base64,R0lGODlhAQABAIAAAAAAAP\/\/\/yH5BAEAAAAALAAAAAABAAEAAAIBRAA7\" data-src=\"https:\/\/www.ceskaskolaluzern.ch\/wp-content\/uploads\/2024\/12\/10-300x225.png\" class=\"attachment-medium size-medium\" alt=\"\" srcset=\"data:image\/gif;base64,R0lGODlhAQABAIAAAAAAAP\/\/\/yH5BAEAAAAALAAAAAABAAEAAAIBRAA7\" data-srcset=\"https:\/\/www.ceskaskolaluzern.ch\/wp-content\/uploads\/2024\/12\/10-300x225.png 300w, https:\/\/www.ceskaskolaluzern.ch\/wp-content\/uploads\/2024\/12\/10-768x576.png 768w, https:\/\/www.ceskaskolaluzern.ch\/wp-content\/uploads\/2024\/12\/10-320x240.png 320w, https:\/\/www.ceskaskolaluzern.ch\/wp-content\/uploads\/2024\/12\/10-190x143.png 190w, https:\/\/www.ceskaskolaluzern.ch\/wp-content\/uploads\/2024\/12\/10.png 800w\" sizes=\"(max-width: 300px) 100vw, 300px\" loading=\"eager\" \/><\/a>\n\t\t\t<\/dt><\/dl><dl class='gallery-item'>\n\t\t\t<dt class='gallery-icon landscape'>\n\t\t\t\t<a href='https:\/\/www.ceskaskolaluzern.ch\/de\/32-2-2\/'><img decoding=\"async\" width=\"300\" height=\"225\" src=\"data:image\/gif;base64,R0lGODlhAQABAIAAAAAAAP\/\/\/yH5BAEAAAAALAAAAAABAAEAAAIBRAA7\" data-src=\"https:\/\/www.ceskaskolaluzern.ch\/wp-content\/uploads\/2024\/12\/32-300x225.png\" class=\"attachment-medium size-medium\" alt=\"\" srcset=\"data:image\/gif;base64,R0lGODlhAQABAIAAAAAAAP\/\/\/yH5BAEAAAAALAAAAAABAAEAAAIBRAA7\" data-srcset=\"https:\/\/www.ceskaskolaluzern.ch\/wp-content\/uploads\/2024\/12\/32-300x225.png 300w, https:\/\/www.ceskaskolaluzern.ch\/wp-content\/uploads\/2024\/12\/32-768x576.png 768w, https:\/\/www.ceskaskolaluzern.ch\/wp-content\/uploads\/2024\/12\/32-320x240.png 320w, https:\/\/www.ceskaskolaluzern.ch\/wp-content\/uploads\/2024\/12\/32-190x143.png 190w, https:\/\/www.ceskaskolaluzern.ch\/wp-content\/uploads\/2024\/12\/32.png 800w\" sizes=\"(max-width: 300px) 100vw, 300px\" loading=\"eager\" \/><\/a>\n\t\t\t<\/dt><\/dl><dl class='gallery-item'>\n\t\t\t<dt class='gallery-icon landscape'>\n\t\t\t\t<a href='https:\/\/www.ceskaskolaluzern.ch\/de\/30-2-2\/'><img decoding=\"async\" width=\"300\" height=\"225\" src=\"data:image\/gif;base64,R0lGODlhAQABAIAAAAAAAP\/\/\/yH5BAEAAAAALAAAAAABAAEAAAIBRAA7\" data-src=\"https:\/\/www.ceskaskolaluzern.ch\/wp-content\/uploads\/2024\/12\/30-300x225.png\" class=\"attachment-medium size-medium\" alt=\"\" srcset=\"data:image\/gif;base64,R0lGODlhAQABAIAAAAAAAP\/\/\/yH5BAEAAAAALAAAAAABAAEAAAIBRAA7\" data-srcset=\"https:\/\/www.ceskaskolaluzern.ch\/wp-content\/uploads\/2024\/12\/30-300x225.png 300w, https:\/\/www.ceskaskolaluzern.ch\/wp-content\/uploads\/2024\/12\/30-768x576.png 768w, https:\/\/www.ceskaskolaluzern.ch\/wp-content\/uploads\/2024\/12\/30-320x240.png 320w, https:\/\/www.ceskaskolaluzern.ch\/wp-content\/uploads\/2024\/12\/30-190x143.png 190w, https:\/\/www.ceskaskolaluzern.ch\/wp-content\/uploads\/2024\/12\/30.png 800w\" sizes=\"(max-width: 300px) 100vw, 300px\" loading=\"eager\" \/><\/a>\n\t\t\t<\/dt><\/dl><br style=\"clear: both\" \/><dl class='gallery-item'>\n\t\t\t<dt class='gallery-icon landscape'>\n\t\t\t\t<a href='https:\/\/www.ceskaskolaluzern.ch\/de\/sommer-2024-kultur-und-bildung\/leto-workshop-konference-pha-2024-800-x-600-px-3\/'><img decoding=\"async\" width=\"300\" height=\"225\" src=\"data:image\/gif;base64,R0lGODlhAQABAIAAAAAAAP\/\/\/yH5BAEAAAAALAAAAAABAAEAAAIBRAA7\" data-src=\"https:\/\/www.ceskaskolaluzern.ch\/wp-content\/uploads\/2024\/08\/Leto-Workshop-Konference-PHA-2024-800-x-600-px-3-300x225.png\" class=\"attachment-medium size-medium\" alt=\"\" srcset=\"data:image\/gif;base64,R0lGODlhAQABAIAAAAAAAP\/\/\/yH5BAEAAAAALAAAAAABAAEAAAIBRAA7\" data-srcset=\"https:\/\/www.ceskaskolaluzern.ch\/wp-content\/uploads\/2024\/08\/Leto-Workshop-Konference-PHA-2024-800-x-600-px-3-300x225.png 300w, https:\/\/www.ceskaskolaluzern.ch\/wp-content\/uploads\/2024\/08\/Leto-Workshop-Konference-PHA-2024-800-x-600-px-3-768x576.png 768w, https:\/\/www.ceskaskolaluzern.ch\/wp-content\/uploads\/2024\/08\/Leto-Workshop-Konference-PHA-2024-800-x-600-px-3-320x240.png 320w, https:\/\/www.ceskaskolaluzern.ch\/wp-content\/uploads\/2024\/08\/Leto-Workshop-Konference-PHA-2024-800-x-600-px-3-190x143.png 190w, https:\/\/www.ceskaskolaluzern.ch\/wp-content\/uploads\/2024\/08\/Leto-Workshop-Konference-PHA-2024-800-x-600-px-3.png 800w\" sizes=\"(max-width: 300px) 100vw, 300px\" loading=\"eager\" \/><\/a>\n\t\t\t<\/dt><\/dl><dl class='gallery-item'>\n\t\t\t<dt class='gallery-icon landscape'>\n\t\t\t\t<a href='https:\/\/www.ceskaskolaluzern.ch\/de\/sommer-2024-kultur-und-bildung\/leto-workshop-konference-pha-2024-800-x-600-px-2\/'><img decoding=\"async\" width=\"300\" height=\"225\" src=\"data:image\/gif;base64,R0lGODlhAQABAIAAAAAAAP\/\/\/yH5BAEAAAAALAAAAAABAAEAAAIBRAA7\" data-src=\"https:\/\/www.ceskaskolaluzern.ch\/wp-content\/uploads\/2024\/08\/Leto-Workshop-Konference-PHA-2024-800-x-600-px-300x225.png\" class=\"attachment-medium size-medium\" alt=\"\" srcset=\"data:image\/gif;base64,R0lGODlhAQABAIAAAAAAAP\/\/\/yH5BAEAAAAALAAAAAABAAEAAAIBRAA7\" data-srcset=\"https:\/\/www.ceskaskolaluzern.ch\/wp-content\/uploads\/2024\/08\/Leto-Workshop-Konference-PHA-2024-800-x-600-px-300x225.png 300w, https:\/\/www.ceskaskolaluzern.ch\/wp-content\/uploads\/2024\/08\/Leto-Workshop-Konference-PHA-2024-800-x-600-px-768x576.png 768w, https:\/\/www.ceskaskolaluzern.ch\/wp-content\/uploads\/2024\/08\/Leto-Workshop-Konference-PHA-2024-800-x-600-px-320x240.png 320w, https:\/\/www.ceskaskolaluzern.ch\/wp-content\/uploads\/2024\/08\/Leto-Workshop-Konference-PHA-2024-800-x-600-px-190x143.png 190w, https:\/\/www.ceskaskolaluzern.ch\/wp-content\/uploads\/2024\/08\/Leto-Workshop-Konference-PHA-2024-800-x-600-px.png 800w\" sizes=\"(max-width: 300px) 100vw, 300px\" loading=\"eager\" \/><\/a>\n\t\t\t<\/dt><\/dl><dl class='gallery-item'>\n\t\t\t<dt class='gallery-icon landscape'>\n\t\t\t\t<a href='https:\/\/www.ceskaskolaluzern.ch\/de\/5-14-2\/'><img decoding=\"async\" width=\"300\" height=\"225\" src=\"data:image\/gif;base64,R0lGODlhAQABAIAAAAAAAP\/\/\/yH5BAEAAAAALAAAAAABAAEAAAIBRAA7\" data-src=\"https:\/\/www.ceskaskolaluzern.ch\/wp-content\/uploads\/2024\/12\/5-2-300x225.png\" class=\"attachment-medium size-medium\" alt=\"\" srcset=\"data:image\/gif;base64,R0lGODlhAQABAIAAAAAAAP\/\/\/yH5BAEAAAAALAAAAAABAAEAAAIBRAA7\" data-srcset=\"https:\/\/www.ceskaskolaluzern.ch\/wp-content\/uploads\/2024\/12\/5-2-300x225.png 300w, https:\/\/www.ceskaskolaluzern.ch\/wp-content\/uploads\/2024\/12\/5-2-768x576.png 768w, https:\/\/www.ceskaskolaluzern.ch\/wp-content\/uploads\/2024\/12\/5-2-320x240.png 320w, https:\/\/www.ceskaskolaluzern.ch\/wp-content\/uploads\/2024\/12\/5-2-190x143.png 190w, https:\/\/www.ceskaskolaluzern.ch\/wp-content\/uploads\/2024\/12\/5-2.png 800w\" sizes=\"(max-width: 300px) 100vw, 300px\" loading=\"eager\" \/><\/a>\n\t\t\t<\/dt><\/dl><br style=\"clear: both\" \/><dl class='gallery-item'>\n\t\t\t<dt class='gallery-icon landscape'>\n\t\t\t\t<a href='https:\/\/www.ceskaskolaluzern.ch\/de\/3-19-2\/'><img decoding=\"async\" width=\"300\" height=\"225\" src=\"data:image\/gif;base64,R0lGODlhAQABAIAAAAAAAP\/\/\/yH5BAEAAAAALAAAAAABAAEAAAIBRAA7\" data-src=\"https:\/\/www.ceskaskolaluzern.ch\/wp-content\/uploads\/2024\/12\/3-3-300x225.png\" class=\"attachment-medium size-medium\" alt=\"\" srcset=\"data:image\/gif;base64,R0lGODlhAQABAIAAAAAAAP\/\/\/yH5BAEAAAAALAAAAAABAAEAAAIBRAA7\" data-srcset=\"https:\/\/www.ceskaskolaluzern.ch\/wp-content\/uploads\/2024\/12\/3-3-300x225.png 300w, https:\/\/www.ceskaskolaluzern.ch\/wp-content\/uploads\/2024\/12\/3-3-768x576.png 768w, https:\/\/www.ceskaskolaluzern.ch\/wp-content\/uploads\/2024\/12\/3-3-320x240.png 320w, https:\/\/www.ceskaskolaluzern.ch\/wp-content\/uploads\/2024\/12\/3-3-190x143.png 190w, https:\/\/www.ceskaskolaluzern.ch\/wp-content\/uploads\/2024\/12\/3-3.png 800w\" sizes=\"(max-width: 300px) 100vw, 300px\" loading=\"eager\" \/><\/a>\n\t\t\t<\/dt><\/dl><dl class='gallery-item'>\n\t\t\t<dt class='gallery-icon landscape'>\n\t\t\t\t<a href='https:\/\/www.ceskaskolaluzern.ch\/de\/2-20-2\/'><img decoding=\"async\" width=\"300\" height=\"225\" src=\"data:image\/gif;base64,R0lGODlhAQABAIAAAAAAAP\/\/\/yH5BAEAAAAALAAAAAABAAEAAAIBRAA7\" data-src=\"https:\/\/www.ceskaskolaluzern.ch\/wp-content\/uploads\/2024\/12\/2-5-300x225.png\" class=\"attachment-medium size-medium\" alt=\"\" srcset=\"data:image\/gif;base64,R0lGODlhAQABAIAAAAAAAP\/\/\/yH5BAEAAAAALAAAAAABAAEAAAIBRAA7\" data-srcset=\"https:\/\/www.ceskaskolaluzern.ch\/wp-content\/uploads\/2024\/12\/2-5-300x225.png 300w, https:\/\/www.ceskaskolaluzern.ch\/wp-content\/uploads\/2024\/12\/2-5-768x576.png 768w, https:\/\/www.ceskaskolaluzern.ch\/wp-content\/uploads\/2024\/12\/2-5-320x240.png 320w, https:\/\/www.ceskaskolaluzern.ch\/wp-content\/uploads\/2024\/12\/2-5-190x143.png 190w, https:\/\/www.ceskaskolaluzern.ch\/wp-content\/uploads\/2024\/12\/2-5.png 800w\" sizes=\"(max-width: 300px) 100vw, 300px\" loading=\"eager\" \/><\/a>\n\t\t\t<\/dt><\/dl><dl class='gallery-item'>\n\t\t\t<dt class='gallery-icon landscape'>\n\t\t\t\t<a href='https:\/\/www.ceskaskolaluzern.ch\/de\/4-14-2\/'><img decoding=\"async\" width=\"300\" height=\"225\" src=\"data:image\/gif;base64,R0lGODlhAQABAIAAAAAAAP\/\/\/yH5BAEAAAAALAAAAAABAAEAAAIBRAA7\" data-src=\"https:\/\/www.ceskaskolaluzern.ch\/wp-content\/uploads\/2024\/12\/4-2-300x225.png\" class=\"attachment-medium size-medium\" alt=\"\" srcset=\"data:image\/gif;base64,R0lGODlhAQABAIAAAAAAAP\/\/\/yH5BAEAAAAALAAAAAABAAEAAAIBRAA7\" data-srcset=\"https:\/\/www.ceskaskolaluzern.ch\/wp-content\/uploads\/2024\/12\/4-2-300x225.png 300w, https:\/\/www.ceskaskolaluzern.ch\/wp-content\/uploads\/2024\/12\/4-2-768x576.png 768w, https:\/\/www.ceskaskolaluzern.ch\/wp-content\/uploads\/2024\/12\/4-2-320x240.png 320w, https:\/\/www.ceskaskolaluzern.ch\/wp-content\/uploads\/2024\/12\/4-2-190x143.png 190w, https:\/\/www.ceskaskolaluzern.ch\/wp-content\/uploads\/2024\/12\/4-2.png 800w\" sizes=\"(max-width: 300px) 100vw, 300px\" loading=\"eager\" \/><\/a>\n\t\t\t<\/dt><\/dl><br style=\"clear: both\" \/>\n\t\t<\/div>\n\n<p>&nbsp;<\/p>\n<\/div>\n<\/div>\n<\/div>\n<\/div>\n<\/div>\n","protected":false},"excerpt":{"rendered":"<p>Unser Sommer 2024: das Sokol-Turnfest in Prag und eine internationale Konferenz \u2013 ein Sommer mit Kultur und Bildung!<\/p>\n","protected":false},"author":2,"featured_media":3582,"comment_status":"open","ping_status":"open","sticky":false,"template":"","format":"standard","meta":{"footnotes":""},"categories":[29,31,30],"tags":[292,290,289,285,286,291,287,129,119,288],"class_list":["post-3574","post","type-post","status-publish","format-standard","has-post-thumbnail","hentry","category-aktuelles","category-fuer-die-oeffentlichkeit","category-news","tag-bildung-im-ausland","tag-foerderung-tschechischer-kultur","tag-internationale-konferenz","tag-mezinarodni-konference-de","tag-podpora-ceske-kultury-de","tag-sokol-turnfest","tag-sokolsky-slet-de","tag-tschechische-schule-luzern","tag-tschechische-traditionen-de","tag-vzdelavani-v-zahranici-de"],"yoast_head":"<!-- This site is optimized with the Yoast SEO plugin v25.6 - https:\/\/yoast.com\/wordpress\/plugins\/seo\/ -->\n<title>Unser Sommer 2024: Kultur und Bildung | \u010cesk\u00e1 \u0161kola Luzern<\/title>\n<meta name=\"description\" content=\"Unser Sommer 2024: das Sokol-Turnfest in Prag und eine internationale Konferenz \u2013 ein Sommer mit Kultur und Bildung!\" \/>\n<meta name=\"robots\" content=\"index, follow, max-snippet:-1, max-image-preview:large, max-video-preview:-1\" \/>\n<link rel=\"canonical\" href=\"https:\/\/www.ceskaskolaluzern.ch\/de\/sommer-2024-kultur-und-bildung\/\" \/>\n<meta property=\"og:locale\" content=\"de_DE\" \/>\n<meta property=\"og:type\" content=\"article\" \/>\n<meta property=\"og:title\" content=\"Unser Sommer 2024: Kultur und Bildung | \u010cesk\u00e1 \u0161kola Luzern\" \/>\n<meta property=\"og:description\" content=\"Unser Sommer 2024: das Sokol-Turnfest in Prag und eine internationale Konferenz \u2013 ein Sommer mit Kultur und Bildung!\" \/>\n<meta property=\"og:url\" content=\"https:\/\/www.ceskaskolaluzern.ch\/de\/sommer-2024-kultur-und-bildung\/\" \/>\n<meta property=\"og:site_name\" content=\"\u010cesk\u00e1 \u0161kola Luzern\" \/>\n<meta property=\"article:publisher\" content=\"https:\/\/www.facebook.com\/ceskaskola.luzern\/\" \/>\n<meta property=\"article:published_time\" content=\"2024-08-25T18:00:51+00:00\" \/>\n<meta property=\"article:modified_time\" content=\"2025-01-17T12:11:24+00:00\" \/>\n<meta property=\"og:image\" content=\"https:\/\/www.ceskaskolaluzern.ch\/wp-content\/uploads\/2024\/08\/Leto-Workshop-Konference-PHA-2024-800-x-600-px-1.png\" \/>\n\t<meta property=\"og:image:width\" content=\"800\" \/>\n\t<meta property=\"og:image:height\" content=\"600\" \/>\n\t<meta property=\"og:image:type\" content=\"image\/png\" \/>\n<meta name=\"author\" content=\"Silvie Sharma\" \/>\n<meta name=\"twitter:card\" content=\"summary_large_image\" \/>\n<meta name=\"twitter:label1\" content=\"Verfasst von\" \/>\n\t<meta name=\"twitter:data1\" content=\"Silvie Sharma\" \/>\n\t<meta name=\"twitter:label2\" content=\"Gesch\u00e4tzte Lesezeit\" \/>\n\t<meta name=\"twitter:data2\" content=\"3\u00a0Minuten\" \/>\n<!-- \/ Yoast SEO plugin. -->","yoast_head_json":{"title":"Unser Sommer 2024: Kultur und Bildung | \u010cesk\u00e1 \u0161kola Luzern","description":"Unser Sommer 2024: das Sokol-Turnfest in Prag und eine internationale Konferenz \u2013 ein Sommer mit Kultur und Bildung!","robots":{"index":"index","follow":"follow","max-snippet":"max-snippet:-1","max-image-preview":"max-image-preview:large","max-video-preview":"max-video-preview:-1"},"canonical":"https:\/\/www.ceskaskolaluzern.ch\/de\/sommer-2024-kultur-und-bildung\/","og_locale":"de_DE","og_type":"article","og_title":"Unser Sommer 2024: Kultur und Bildung | \u010cesk\u00e1 \u0161kola Luzern","og_description":"Unser Sommer 2024: das Sokol-Turnfest in Prag und eine internationale Konferenz \u2013 ein Sommer mit Kultur und Bildung!","og_url":"https:\/\/www.ceskaskolaluzern.ch\/de\/sommer-2024-kultur-und-bildung\/","og_site_name":"\u010cesk\u00e1 \u0161kola Luzern","article_publisher":"https:\/\/www.facebook.com\/ceskaskola.luzern\/","article_published_time":"2024-08-25T18:00:51+00:00","article_modified_time":"2025-01-17T12:11:24+00:00","og_image":[{"width":800,"height":600,"url":"https:\/\/www.ceskaskolaluzern.ch\/wp-content\/uploads\/2024\/08\/Leto-Workshop-Konference-PHA-2024-800-x-600-px-1.png","type":"image\/png"}],"author":"Silvie Sharma","twitter_card":"summary_large_image","twitter_misc":{"Verfasst von":"Silvie Sharma","Gesch\u00e4tzte Lesezeit":"3\u00a0Minuten"},"schema":{"@context":"https:\/\/schema.org","@graph":[{"@type":"Article","@id":"https:\/\/www.ceskaskolaluzern.ch\/de\/sommer-2024-kultur-und-bildung\/#article","isPartOf":{"@id":"https:\/\/www.ceskaskolaluzern.ch\/de\/sommer-2024-kultur-und-bildung\/"},"author":{"name":"Silvie Sharma","@id":"https:\/\/www.ceskaskolaluzern.ch\/#\/schema\/person\/2454d88303d54d68e8d537479cf98971"},"headline":"Unser Sommer 2024: Kultur und Bildung","datePublished":"2024-08-25T18:00:51+00:00","dateModified":"2025-01-17T12:11:24+00:00","mainEntityOfPage":{"@id":"https:\/\/www.ceskaskolaluzern.ch\/de\/sommer-2024-kultur-und-bildung\/"},"wordCount":371,"commentCount":0,"publisher":{"@id":"https:\/\/www.ceskaskolaluzern.ch\/#organization"},"image":{"@id":"https:\/\/www.ceskaskolaluzern.ch\/de\/sommer-2024-kultur-und-bildung\/#primaryimage"},"thumbnailUrl":"https:\/\/www.ceskaskolaluzern.ch\/wp-content\/uploads\/2024\/08\/Leto-Workshop-Konference-PHA-2024-800-x-600-px-1.png","keywords":["Bildung im Ausland","F\u00f6rderung tschechischer Kultur","Internationale Konferenz","Mezin\u00e1rodn\u00ed konference","Podpora \u010desk\u00e9 kultury","Sokol-Turnfest","Sokolsk\u00fd Slet","Tschechische Schule Luzern","Tschechische Traditionen","Vzd\u011bl\u00e1v\u00e1n\u00ed v zahrani\u010d\u00ed"],"articleSection":["Aktuell aus der Schule","F\u00fcr die \u00d6ffentlichkeit","News"],"inLanguage":"de","potentialAction":[{"@type":"CommentAction","name":"Comment","target":["https:\/\/www.ceskaskolaluzern.ch\/de\/sommer-2024-kultur-und-bildung\/#respond"]}]},{"@type":"WebPage","@id":"https:\/\/www.ceskaskolaluzern.ch\/de\/sommer-2024-kultur-und-bildung\/","url":"https:\/\/www.ceskaskolaluzern.ch\/de\/sommer-2024-kultur-und-bildung\/","name":"Unser Sommer 2024: Kultur und Bildung | \u010cesk\u00e1 \u0161kola Luzern","isPartOf":{"@id":"https:\/\/www.ceskaskolaluzern.ch\/#website"},"primaryImageOfPage":{"@id":"https:\/\/www.ceskaskolaluzern.ch\/de\/sommer-2024-kultur-und-bildung\/#primaryimage"},"image":{"@id":"https:\/\/www.ceskaskolaluzern.ch\/de\/sommer-2024-kultur-und-bildung\/#primaryimage"},"thumbnailUrl":"https:\/\/www.ceskaskolaluzern.ch\/wp-content\/uploads\/2024\/08\/Leto-Workshop-Konference-PHA-2024-800-x-600-px-1.png","datePublished":"2024-08-25T18:00:51+00:00","dateModified":"2025-01-17T12:11:24+00:00","description":"Unser Sommer 2024: das Sokol-Turnfest in Prag und eine internationale Konferenz \u2013 ein Sommer mit Kultur und Bildung!","breadcrumb":{"@id":"https:\/\/www.ceskaskolaluzern.ch\/de\/sommer-2024-kultur-und-bildung\/#breadcrumb"},"inLanguage":"de","potentialAction":[{"@type":"ReadAction","target":["https:\/\/www.ceskaskolaluzern.ch\/de\/sommer-2024-kultur-und-bildung\/"]}]},{"@type":"ImageObject","inLanguage":"de","@id":"https:\/\/www.ceskaskolaluzern.ch\/de\/sommer-2024-kultur-und-bildung\/#primaryimage","url":"https:\/\/www.ceskaskolaluzern.ch\/wp-content\/uploads\/2024\/08\/Leto-Workshop-Konference-PHA-2024-800-x-600-px-1.png","contentUrl":"https:\/\/www.ceskaskolaluzern.ch\/wp-content\/uploads\/2024\/08\/Leto-Workshop-Konference-PHA-2024-800-x-600-px-1.png","width":800,"height":600},{"@type":"BreadcrumbList","@id":"https:\/\/www.ceskaskolaluzern.ch\/de\/sommer-2024-kultur-und-bildung\/#breadcrumb","itemListElement":[{"@type":"ListItem","position":1,"name":"\u00davod","item":"https:\/\/www.ceskaskolaluzern.ch\/de\/"},{"@type":"ListItem","position":2,"name":"Unser Sommer 2024: Kultur und Bildung"}]},{"@type":"WebSite","@id":"https:\/\/www.ceskaskolaluzern.ch\/#website","url":"https:\/\/www.ceskaskolaluzern.ch\/","name":"\u010cesk\u00e1 \u0161kola Luzern","description":"","publisher":{"@id":"https:\/\/www.ceskaskolaluzern.ch\/#organization"},"potentialAction":[{"@type":"SearchAction","target":{"@type":"EntryPoint","urlTemplate":"https:\/\/www.ceskaskolaluzern.ch\/?s={search_term_string}"},"query-input":{"@type":"PropertyValueSpecification","valueRequired":true,"valueName":"search_term_string"}}],"inLanguage":"de"},{"@type":"Organization","@id":"https:\/\/www.ceskaskolaluzern.ch\/#organization","name":"\u010cesk\u00e1 \u0161kola Luzern","url":"https:\/\/www.ceskaskolaluzern.ch\/","logo":{"@type":"ImageObject","inLanguage":"de","@id":"https:\/\/www.ceskaskolaluzern.ch\/#\/schema\/logo\/image\/","url":"https:\/\/www.ceskaskolaluzern.ch\/wp-content\/uploads\/2022\/06\/Ceska_skola_Logo_2022_.png","contentUrl":"https:\/\/www.ceskaskolaluzern.ch\/wp-content\/uploads\/2022\/06\/Ceska_skola_Logo_2022_.png","width":2138,"height":808,"caption":"\u010cesk\u00e1 \u0161kola Luzern"},"image":{"@id":"https:\/\/www.ceskaskolaluzern.ch\/#\/schema\/logo\/image\/"},"sameAs":["https:\/\/www.facebook.com\/ceskaskola.luzern\/","https:\/\/www.linkedin.com\/company\/ceska-skola-luzern\/","https:\/\/www.instagram.com\/ceskaskola.luzern\/"]},{"@type":"Person","@id":"https:\/\/www.ceskaskolaluzern.ch\/#\/schema\/person\/2454d88303d54d68e8d537479cf98971","name":"Silvie Sharma","image":{"@type":"ImageObject","inLanguage":"de","@id":"https:\/\/www.ceskaskolaluzern.ch\/#\/schema\/person\/image\/","url":"https:\/\/secure.gravatar.com\/avatar\/559e752837428714c8ce5c6adad5652e?s=96&d=mm&r=g","contentUrl":"https:\/\/secure.gravatar.com\/avatar\/559e752837428714c8ce5c6adad5652e?s=96&d=mm&r=g","caption":"Silvie Sharma"}}]}},"_links":{"self":[{"href":"https:\/\/www.ceskaskolaluzern.ch\/de\/wp-json\/wp\/v2\/posts\/3574","targetHints":{"allow":["GET"]}}],"collection":[{"href":"https:\/\/www.ceskaskolaluzern.ch\/de\/wp-json\/wp\/v2\/posts"}],"about":[{"href":"https:\/\/www.ceskaskolaluzern.ch\/de\/wp-json\/wp\/v2\/types\/post"}],"author":[{"embeddable":true,"href":"https:\/\/www.ceskaskolaluzern.ch\/de\/wp-json\/wp\/v2\/users\/2"}],"replies":[{"embeddable":true,"href":"https:\/\/www.ceskaskolaluzern.ch\/de\/wp-json\/wp\/v2\/comments?post=3574"}],"version-history":[{"count":9,"href":"https:\/\/www.ceskaskolaluzern.ch\/de\/wp-json\/wp\/v2\/posts\/3574\/revisions"}],"predecessor-version":[{"id":3592,"href":"https:\/\/www.ceskaskolaluzern.ch\/de\/wp-json\/wp\/v2\/posts\/3574\/revisions\/3592"}],"wp:featuredmedia":[{"embeddable":true,"href":"https:\/\/www.ceskaskolaluzern.ch\/de\/wp-json\/wp\/v2\/media\/3582"}],"wp:attachment":[{"href":"https:\/\/www.ceskaskolaluzern.ch\/de\/wp-json\/wp\/v2\/media?parent=3574"}],"wp:term":[{"taxonomy":"category","embeddable":true,"href":"https:\/\/www.ceskaskolaluzern.ch\/de\/wp-json\/wp\/v2\/categories?post=3574"},{"taxonomy":"post_tag","embeddable":true,"href":"https:\/\/www.ceskaskolaluzern.ch\/de\/wp-json\/wp\/v2\/tags?post=3574"}],"curies":[{"name":"wp","href":"https:\/\/api.w.org\/{rel}","templated":true}]}}