{"id":2626,"date":"2023-09-05T20:04:13","date_gmt":"2023-09-05T18:04:13","guid":{"rendered":"https:\/\/www.ceskaskolaluzern.ch\/zahajeni-skolniho-roku\/"},"modified":"2025-01-11T08:14:49","modified_gmt":"2025-01-11T07:14:49","slug":"schulstart-mit-bibliothek","status":"publish","type":"post","link":"https:\/\/www.ceskaskolaluzern.ch\/de\/schulstart-mit-bibliothek\/","title":{"rendered":"Schulstart mit Bibliothek: Die Er\u00f6ffnung unserer tschechischen Bibliothek"},"content":{"rendered":"<p><em><strong><img decoding=\"async\" class=\"wp-image-2350 size-medium alignleft\" src=\"data:image\/gif;base64,R0lGODlhAQABAIAAAAAAAP\/\/\/yH5BAEAAAAALAAAAAABAAEAAAIBRAA7\" data-src=\"https:\/\/www.ceskaskolaluzern.ch\/wp-content\/uploads\/2023\/09\/2-1-300x225.png\" alt=\"\" width=\"300\" height=\"225\" srcset=\"data:image\/gif;base64,R0lGODlhAQABAIAAAAAAAP\/\/\/yH5BAEAAAAALAAAAAABAAEAAAIBRAA7\" data-srcset=\"https:\/\/www.ceskaskolaluzern.ch\/wp-content\/uploads\/2023\/09\/2-1-300x225.png 300w, https:\/\/www.ceskaskolaluzern.ch\/wp-content\/uploads\/2023\/09\/2-1-768x576.png 768w, https:\/\/www.ceskaskolaluzern.ch\/wp-content\/uploads\/2023\/09\/2-1-320x240.png 320w, https:\/\/www.ceskaskolaluzern.ch\/wp-content\/uploads\/2023\/09\/2-1-190x143.png 190w, https:\/\/www.ceskaskolaluzern.ch\/wp-content\/uploads\/2023\/09\/2-1.png 800w\" sizes=\"(max-width: 300px) 100vw, 300px\" \/><\/strong><\/em><\/p>\n<p><strong><em>Eine neue Schulbibliothek mit einer Menge B\u00fccher auf Tschechisch ist f\u00fcr unsere ganze Community zug\u00e4nglich.<\/em><\/strong><\/p>\n<img decoding=\"async\" class=\"alignnone size-medium wp-image-1098\" src=\"data:image\/gif;base64,R0lGODlhAQABAIAAAAAAAP\/\/\/yH5BAEAAAAALAAAAAABAAEAAAIBRAA7\" data-src=\"https:\/\/www.ceskaskolaluzern.ch\/wp-content\/uploads\/2022\/09\/Predelovnik_blog-300x71.png\" alt=\"\" width=\"300\" height=\"71\" srcset=\"data:image\/gif;base64,R0lGODlhAQABAIAAAAAAAP\/\/\/yH5BAEAAAAALAAAAAABAAEAAAIBRAA7\" data-srcset=\"https:\/\/www.ceskaskolaluzern.ch\/wp-content\/uploads\/2022\/09\/Predelovnik_blog-300x71.png 300w, https:\/\/www.ceskaskolaluzern.ch\/wp-content\/uploads\/2022\/09\/Predelovnik_blog-768x181.png 768w, https:\/\/www.ceskaskolaluzern.ch\/wp-content\/uploads\/2022\/09\/Predelovnik_blog-320x75.png 320w, https:\/\/www.ceskaskolaluzern.ch\/wp-content\/uploads\/2022\/09\/Predelovnik_blog-190x45.png 190w, https:\/\/www.ceskaskolaluzern.ch\/wp-content\/uploads\/2022\/09\/Predelovnik_blog-1000x236.png 1000w, https:\/\/www.ceskaskolaluzern.ch\/wp-content\/uploads\/2022\/09\/Predelovnik_blog.png 1004w\" sizes=\"(max-width: 300px) 100vw, 300px\" \/>\n<p>&nbsp;<\/p>\n<p>&nbsp;<\/p>\n<p>P\u00fcnktlich zum Schulstart konnten wir in der Tschechischen Schule Luzern eine fabelhafte Neuigkeit pr\u00e4sentieren: eine Schulbibliothek, nicht nur f\u00fcr die Sch\u00fcler, aber auch f\u00fcr deren Eltern.<\/p>\n<p>Wieso freut uns das so? Was macht unsere Bibliothek so einzigartig? Lesen Sie selbst: \ud83d\ude42<\/p>\n<ul>\n<li><strong>Sorgf\u00e4ltige B\u00fccherauswahl:<\/strong> Unsere Schulbibliothek ist nicht ganz gew\u00f6hnlich. Jedes Buch haben wir sorgf\u00e4ltig und in Zusammenarbeit mit erfahrenen Buchhandlungen ausgew\u00e4hlt. Man findet hier nicht nur klassische und neue M\u00e4rchen, neueste Sachb\u00fccher, witzige Gedichte, beliebte Comics, sondern auch z.B. Krimis f\u00fcr Jugendliche. Bei der B\u00fccherauswahl wurde beachtet, dass besonders die Sprache f\u00fcr die Kinder geeignet ist, welche die Tschechische Sprache vererbt bekommen. Ein weiteres Kriterium waren hochwertige Illustrationen, angemessene Textl\u00e4nge und Themen, die im Zusammenhang mit Tschechien und tschechischen Pers\u00f6nlichkeiten stehen. Es ist uns ein Anliegen, dass die B\u00fccher den Kindern Freude bringen, sie rasch zu Erfolgserlebnissen beim Lesen kommen und dadurch motiviert sind, auf Tschechisch zu lesen.<\/li>\n<li><strong>Lernen durch das Lesen:<\/strong> Wenn ein Kind liest, bringt ihm das Lesen nicht nur Unterhaltung. Beim Lesen nehmen Kinder auch den Satzbau und die Bedeutung der einzelnen W\u00f6rter auf. So lernen Kinder beim Lesen, ganz nebenbei<\/li>\n<li><strong>Eine breite Auswahl: <\/strong>Unsere Bibliothek enth\u00e4lt 150 B\u00fccher f\u00fcr jede Altersgruppe. Mehrsprachig aufwachsende Kinder finden hier B\u00fccher, die ihrem Alter und auch ihrem Sprachstand entsprechen. Vorsch\u00fcler, Primarsch\u00fcler und auch Sch\u00fcler der Oberstufe und deren Eltern k\u00f6nnen sich hier B\u00fccher ausleihen.<\/li>\n<li><strong>B\u00fccherwurmtreffen an den Mittwochen:<\/strong> Jeden Mittwoch ist die Bibliothek im Schulgeb\u00e4ude offen. Sie k\u00f6nnen es sich mit einem Buch in unserer Leseecke gem\u00fctlich machen oder sich das Buch ausleihen und nach Hause nehmen.<\/li>\n<\/ul>\n<p>Wir sind sehr dankbar f\u00fcr die Unterst\u00fctzung unserer Sponsoren, die es uns erm\u00f6glichten, die Idee der tschechischen Schulbibliothek wahr werden zu lassen, und wir glauben fest daran, dass die Bibliothek lange ihren Sinn und Zweck erf\u00fcllen wird und allen um die Tschechische Schule Freude bringen wird!<\/p>\n<p>&nbsp;<\/p>\n<img decoding=\"async\" class=\"alignnone wp-image-971\" src=\"data:image\/gif;base64,R0lGODlhAQABAIAAAAAAAP\/\/\/yH5BAEAAAAALAAAAAABAAEAAAIBRAA7\" data-src=\"https:\/\/www.ceskaskolaluzern.ch\/wp-content\/uploads\/2022\/09\/cropped-Ceska_skola_Logo_2022_kruh-300x300.png\" alt=\"\" width=\"28\" height=\"28\" srcset=\"data:image\/gif;base64,R0lGODlhAQABAIAAAAAAAP\/\/\/yH5BAEAAAAALAAAAAABAAEAAAIBRAA7\" data-srcset=\"https:\/\/www.ceskaskolaluzern.ch\/wp-content\/uploads\/2022\/09\/cropped-Ceska_skola_Logo_2022_kruh-300x300.png 300w, https:\/\/www.ceskaskolaluzern.ch\/wp-content\/uploads\/2022\/09\/cropped-Ceska_skola_Logo_2022_kruh-150x150.png 150w, https:\/\/www.ceskaskolaluzern.ch\/wp-content\/uploads\/2022\/09\/cropped-Ceska_skola_Logo_2022_kruh-320x320.png 320w, https:\/\/www.ceskaskolaluzern.ch\/wp-content\/uploads\/2022\/09\/cropped-Ceska_skola_Logo_2022_kruh-190x190.png 190w, https:\/\/www.ceskaskolaluzern.ch\/wp-content\/uploads\/2022\/09\/cropped-Ceska_skola_Logo_2022_kruh-160x160.png 160w, https:\/\/www.ceskaskolaluzern.ch\/wp-content\/uploads\/2022\/09\/cropped-Ceska_skola_Logo_2022_kruh-500x512.png 500w, https:\/\/www.ceskaskolaluzern.ch\/wp-content\/uploads\/2022\/09\/cropped-Ceska_skola_Logo_2022_kruh-88x88.png 88w, https:\/\/www.ceskaskolaluzern.ch\/wp-content\/uploads\/2022\/09\/cropped-Ceska_skola_Logo_2022_kruh-176x176.png 176w, https:\/\/www.ceskaskolaluzern.ch\/wp-content\/uploads\/2022\/09\/cropped-Ceska_skola_Logo_2022_kruh-270x270.png 270w, https:\/\/www.ceskaskolaluzern.ch\/wp-content\/uploads\/2022\/09\/cropped-Ceska_skola_Logo_2022_kruh-192x192.png 192w, https:\/\/www.ceskaskolaluzern.ch\/wp-content\/uploads\/2022\/09\/cropped-Ceska_skola_Logo_2022_kruh-180x180.png 180w, https:\/\/www.ceskaskolaluzern.ch\/wp-content\/uploads\/2022\/09\/cropped-Ceska_skola_Logo_2022_kruh-32x32.png 32w, https:\/\/www.ceskaskolaluzern.ch\/wp-content\/uploads\/2022\/09\/cropped-Ceska_skola_Logo_2022_kruh.png 512w\" sizes=\"(max-width: 28px) 100vw, 28px\" \/>\n<p>&nbsp;<\/p>\n<div id='gallery-1' class='gallery galleryid-2626 gallery-columns-4 gallery-size-medium'><dl class='gallery-item'>\n\t\t\t<dt class='gallery-icon landscape'>\n\t\t\t\t<a href='https:\/\/www.ceskaskolaluzern.ch\/de\/schulstart-mit-bibliothek\/1-9-2\/'><img fetchpriority=\"high\" decoding=\"async\" width=\"300\" height=\"225\" src=\"data:image\/gif;base64,R0lGODlhAQABAIAAAAAAAP\/\/\/yH5BAEAAAAALAAAAAABAAEAAAIBRAA7\" data-src=\"https:\/\/www.ceskaskolaluzern.ch\/wp-content\/uploads\/2023\/09\/1-1-300x225.png\" class=\"attachment-medium size-medium\" alt=\"\" srcset=\"data:image\/gif;base64,R0lGODlhAQABAIAAAAAAAP\/\/\/yH5BAEAAAAALAAAAAABAAEAAAIBRAA7\" data-srcset=\"https:\/\/www.ceskaskolaluzern.ch\/wp-content\/uploads\/2023\/09\/1-1-300x225.png 300w, https:\/\/www.ceskaskolaluzern.ch\/wp-content\/uploads\/2023\/09\/1-1-768x576.png 768w, https:\/\/www.ceskaskolaluzern.ch\/wp-content\/uploads\/2023\/09\/1-1-320x240.png 320w, https:\/\/www.ceskaskolaluzern.ch\/wp-content\/uploads\/2023\/09\/1-1-190x143.png 190w, https:\/\/www.ceskaskolaluzern.ch\/wp-content\/uploads\/2023\/09\/1-1.png 800w\" sizes=\"(max-width: 300px) 100vw, 300px\" loading=\"eager\" \/><\/a>\n\t\t\t<\/dt><\/dl><dl class='gallery-item'>\n\t\t\t<dt class='gallery-icon landscape'>\n\t\t\t\t<a href='https:\/\/www.ceskaskolaluzern.ch\/de\/schulstart-mit-bibliothek\/4-5-2\/'><img decoding=\"async\" width=\"300\" height=\"225\" src=\"data:image\/gif;base64,R0lGODlhAQABAIAAAAAAAP\/\/\/yH5BAEAAAAALAAAAAABAAEAAAIBRAA7\" data-src=\"https:\/\/www.ceskaskolaluzern.ch\/wp-content\/uploads\/2023\/09\/4-300x225.png\" class=\"attachment-medium size-medium\" alt=\"\" srcset=\"data:image\/gif;base64,R0lGODlhAQABAIAAAAAAAP\/\/\/yH5BAEAAAAALAAAAAABAAEAAAIBRAA7\" data-srcset=\"https:\/\/www.ceskaskolaluzern.ch\/wp-content\/uploads\/2023\/09\/4-300x225.png 300w, https:\/\/www.ceskaskolaluzern.ch\/wp-content\/uploads\/2023\/09\/4-768x576.png 768w, https:\/\/www.ceskaskolaluzern.ch\/wp-content\/uploads\/2023\/09\/4-320x240.png 320w, https:\/\/www.ceskaskolaluzern.ch\/wp-content\/uploads\/2023\/09\/4-190x143.png 190w, https:\/\/www.ceskaskolaluzern.ch\/wp-content\/uploads\/2023\/09\/4.png 800w\" sizes=\"(max-width: 300px) 100vw, 300px\" loading=\"eager\" \/><\/a>\n\t\t\t<\/dt><\/dl><dl class='gallery-item'>\n\t\t\t<dt class='gallery-icon landscape'>\n\t\t\t\t<a href='https:\/\/www.ceskaskolaluzern.ch\/de\/schulstart-mit-bibliothek\/6-5-2\/'><img decoding=\"async\" width=\"300\" height=\"225\" src=\"data:image\/gif;base64,R0lGODlhAQABAIAAAAAAAP\/\/\/yH5BAEAAAAALAAAAAABAAEAAAIBRAA7\" data-src=\"https:\/\/www.ceskaskolaluzern.ch\/wp-content\/uploads\/2023\/09\/6-300x225.png\" class=\"attachment-medium size-medium\" alt=\"\" aria-describedby=\"gallery-1-2359\" srcset=\"data:image\/gif;base64,R0lGODlhAQABAIAAAAAAAP\/\/\/yH5BAEAAAAALAAAAAABAAEAAAIBRAA7\" data-srcset=\"https:\/\/www.ceskaskolaluzern.ch\/wp-content\/uploads\/2023\/09\/6-300x225.png 300w, https:\/\/www.ceskaskolaluzern.ch\/wp-content\/uploads\/2023\/09\/6-768x576.png 768w, https:\/\/www.ceskaskolaluzern.ch\/wp-content\/uploads\/2023\/09\/6-320x240.png 320w, https:\/\/www.ceskaskolaluzern.ch\/wp-content\/uploads\/2023\/09\/6-190x143.png 190w, https:\/\/www.ceskaskolaluzern.ch\/wp-content\/uploads\/2023\/09\/6.png 800w\" sizes=\"(max-width: 300px) 100vw, 300px\" loading=\"eager\" \/><\/a>\n\t\t\t<\/dt>\n\t\t\t\t<dd class='wp-caption-text gallery-caption' id='gallery-1-2359'>\n\t\t\t\tKinderklub | September 2023\n\t\t\t\t<\/dd><\/dl><dl class='gallery-item'>\n\t\t\t<dt class='gallery-icon landscape'>\n\t\t\t\t<a href='https:\/\/www.ceskaskolaluzern.ch\/de\/schulstart-mit-bibliothek\/3-8-2\/'><img decoding=\"async\" width=\"300\" height=\"225\" src=\"data:image\/gif;base64,R0lGODlhAQABAIAAAAAAAP\/\/\/yH5BAEAAAAALAAAAAABAAEAAAIBRAA7\" data-src=\"https:\/\/www.ceskaskolaluzern.ch\/wp-content\/uploads\/2023\/09\/3-1-300x225.png\" class=\"attachment-medium size-medium\" alt=\"\" srcset=\"data:image\/gif;base64,R0lGODlhAQABAIAAAAAAAP\/\/\/yH5BAEAAAAALAAAAAABAAEAAAIBRAA7\" data-srcset=\"https:\/\/www.ceskaskolaluzern.ch\/wp-content\/uploads\/2023\/09\/3-1-300x225.png 300w, https:\/\/www.ceskaskolaluzern.ch\/wp-content\/uploads\/2023\/09\/3-1-768x576.png 768w, https:\/\/www.ceskaskolaluzern.ch\/wp-content\/uploads\/2023\/09\/3-1-320x240.png 320w, https:\/\/www.ceskaskolaluzern.ch\/wp-content\/uploads\/2023\/09\/3-1-190x143.png 190w, https:\/\/www.ceskaskolaluzern.ch\/wp-content\/uploads\/2023\/09\/3-1.png 800w\" sizes=\"(max-width: 300px) 100vw, 300px\" loading=\"eager\" \/><\/a>\n\t\t\t<\/dt><\/dl><br style=\"clear: both\" \/>\n\t\t<\/div>\n\n<p>&nbsp;<\/p>\n","protected":false},"excerpt":{"rendered":"<p>Eine neue Schulbibliothek mit einer Menge B\u00fccher auf Tschechisch ist f\u00fcr unsere ganze Community zug\u00e4nglich. &nbsp; &nbsp; P\u00fcnktlich zum Schulstart konnten wir in der Tschechischen Schule Luzern eine fabelhafte Neuigkeit pr\u00e4sentieren: eine Schulbibliothek, nicht nur f\u00fcr die Sch\u00fcler, aber auch f\u00fcr deren Eltern. Wieso freut uns das so? Was macht unsere Bibliothek so einzigartig? Lesen&#8230;<\/p>\n","protected":false},"author":2,"featured_media":2349,"comment_status":"open","ping_status":"open","sticky":false,"template":"","format":"standard","meta":{"footnotes":""},"categories":[29,30],"tags":[115,124,125,126],"class_list":["post-2626","post","type-post","status-publish","format-standard","has-post-thumbnail","hentry","category-aktuelles","category-news","tag-ceska-komunita-de","tag-ceske-knizky-de","tag-knihovna-de","tag-novy-skolni-rok-de"],"yoast_head":"<!-- This site is optimized with the Yoast SEO plugin v25.6 - https:\/\/yoast.com\/wordpress\/plugins\/seo\/ -->\n<title>Schulstart mit Bibliothek: Die Er\u00f6ffnung unserer tschechischen Bibliothek | \u010cesk\u00e1 \u0161kola Luzern<\/title>\n<meta name=\"description\" content=\"Schulstart mit Bibliothek: Unsere neue tschechische Schulbibliothek in Luzern bietet 150 sorgf\u00e4ltig ausgew\u00e4hlte B\u00fccher f\u00fcr Gross und Klein\" \/>\n<meta name=\"robots\" content=\"index, follow, max-snippet:-1, max-image-preview:large, max-video-preview:-1\" \/>\n<link rel=\"canonical\" href=\"https:\/\/www.ceskaskolaluzern.ch\/de\/schulstart-mit-bibliothek\/\" \/>\n<meta property=\"og:locale\" content=\"de_DE\" \/>\n<meta property=\"og:type\" content=\"article\" \/>\n<meta property=\"og:title\" content=\"Schulstart mit Bibliothek: Die Er\u00f6ffnung unserer tschechischen Bibliothek | \u010cesk\u00e1 \u0161kola Luzern\" \/>\n<meta property=\"og:description\" content=\"Schulstart mit Bibliothek: Unsere neue tschechische Schulbibliothek in Luzern bietet 150 sorgf\u00e4ltig ausgew\u00e4hlte B\u00fccher f\u00fcr Gross und Klein\" \/>\n<meta property=\"og:url\" content=\"https:\/\/www.ceskaskolaluzern.ch\/de\/schulstart-mit-bibliothek\/\" \/>\n<meta property=\"og:site_name\" content=\"\u010cesk\u00e1 \u0161kola Luzern\" \/>\n<meta property=\"article:publisher\" content=\"https:\/\/www.facebook.com\/ceskaskola.luzern\/\" \/>\n<meta property=\"article:published_time\" content=\"2023-09-05T18:04:13+00:00\" \/>\n<meta property=\"article:modified_time\" content=\"2025-01-11T07:14:49+00:00\" \/>\n<meta property=\"og:image\" content=\"https:\/\/www.ceskaskolaluzern.ch\/wp-content\/uploads\/2023\/09\/1-1.png\" \/>\n\t<meta property=\"og:image:width\" content=\"800\" \/>\n\t<meta property=\"og:image:height\" content=\"600\" \/>\n\t<meta property=\"og:image:type\" content=\"image\/png\" \/>\n<meta name=\"author\" content=\"Silvie Sharma\" \/>\n<meta name=\"twitter:card\" content=\"summary_large_image\" \/>\n<meta name=\"twitter:label1\" content=\"Verfasst von\" \/>\n\t<meta name=\"twitter:data1\" content=\"Silvie Sharma\" \/>\n\t<meta name=\"twitter:label2\" content=\"Gesch\u00e4tzte Lesezeit\" \/>\n\t<meta name=\"twitter:data2\" content=\"3\u00a0Minuten\" \/>\n<!-- \/ Yoast SEO plugin. -->","yoast_head_json":{"title":"Schulstart mit Bibliothek: Die Er\u00f6ffnung unserer tschechischen Bibliothek | \u010cesk\u00e1 \u0161kola Luzern","description":"Schulstart mit Bibliothek: Unsere neue tschechische Schulbibliothek in Luzern bietet 150 sorgf\u00e4ltig ausgew\u00e4hlte B\u00fccher f\u00fcr Gross und Klein","robots":{"index":"index","follow":"follow","max-snippet":"max-snippet:-1","max-image-preview":"max-image-preview:large","max-video-preview":"max-video-preview:-1"},"canonical":"https:\/\/www.ceskaskolaluzern.ch\/de\/schulstart-mit-bibliothek\/","og_locale":"de_DE","og_type":"article","og_title":"Schulstart mit Bibliothek: Die Er\u00f6ffnung unserer tschechischen Bibliothek | \u010cesk\u00e1 \u0161kola Luzern","og_description":"Schulstart mit Bibliothek: Unsere neue tschechische Schulbibliothek in Luzern bietet 150 sorgf\u00e4ltig ausgew\u00e4hlte B\u00fccher f\u00fcr Gross und Klein","og_url":"https:\/\/www.ceskaskolaluzern.ch\/de\/schulstart-mit-bibliothek\/","og_site_name":"\u010cesk\u00e1 \u0161kola Luzern","article_publisher":"https:\/\/www.facebook.com\/ceskaskola.luzern\/","article_published_time":"2023-09-05T18:04:13+00:00","article_modified_time":"2025-01-11T07:14:49+00:00","og_image":[{"width":800,"height":600,"url":"https:\/\/www.ceskaskolaluzern.ch\/wp-content\/uploads\/2023\/09\/1-1.png","type":"image\/png"}],"author":"Silvie Sharma","twitter_card":"summary_large_image","twitter_misc":{"Verfasst von":"Silvie Sharma","Gesch\u00e4tzte Lesezeit":"3\u00a0Minuten"},"schema":{"@context":"https:\/\/schema.org","@graph":[{"@type":"Article","@id":"https:\/\/www.ceskaskolaluzern.ch\/de\/schulstart-mit-bibliothek\/#article","isPartOf":{"@id":"https:\/\/www.ceskaskolaluzern.ch\/de\/schulstart-mit-bibliothek\/"},"author":{"name":"Silvie Sharma","@id":"https:\/\/www.ceskaskolaluzern.ch\/#\/schema\/person\/2454d88303d54d68e8d537479cf98971"},"headline":"Schulstart mit Bibliothek: Die Er\u00f6ffnung unserer tschechischen Bibliothek","datePublished":"2023-09-05T18:04:13+00:00","dateModified":"2025-01-11T07:14:49+00:00","mainEntityOfPage":{"@id":"https:\/\/www.ceskaskolaluzern.ch\/de\/schulstart-mit-bibliothek\/"},"wordCount":376,"commentCount":0,"publisher":{"@id":"https:\/\/www.ceskaskolaluzern.ch\/#organization"},"image":{"@id":"https:\/\/www.ceskaskolaluzern.ch\/de\/schulstart-mit-bibliothek\/#primaryimage"},"thumbnailUrl":"https:\/\/www.ceskaskolaluzern.ch\/wp-content\/uploads\/2023\/09\/1-1.png","keywords":["\u010desk\u00e1 komunita","\u010desk\u00e9 kn\u00ed\u017eky","knihovna","nov\u00fd \u0161koln\u00ed rok"],"articleSection":["Aktuell aus der Schule","News"],"inLanguage":"de","potentialAction":[{"@type":"CommentAction","name":"Comment","target":["https:\/\/www.ceskaskolaluzern.ch\/de\/schulstart-mit-bibliothek\/#respond"]}]},{"@type":"WebPage","@id":"https:\/\/www.ceskaskolaluzern.ch\/de\/schulstart-mit-bibliothek\/","url":"https:\/\/www.ceskaskolaluzern.ch\/de\/schulstart-mit-bibliothek\/","name":"Schulstart mit Bibliothek: Die Er\u00f6ffnung unserer tschechischen Bibliothek | \u010cesk\u00e1 \u0161kola Luzern","isPartOf":{"@id":"https:\/\/www.ceskaskolaluzern.ch\/#website"},"primaryImageOfPage":{"@id":"https:\/\/www.ceskaskolaluzern.ch\/de\/schulstart-mit-bibliothek\/#primaryimage"},"image":{"@id":"https:\/\/www.ceskaskolaluzern.ch\/de\/schulstart-mit-bibliothek\/#primaryimage"},"thumbnailUrl":"https:\/\/www.ceskaskolaluzern.ch\/wp-content\/uploads\/2023\/09\/1-1.png","datePublished":"2023-09-05T18:04:13+00:00","dateModified":"2025-01-11T07:14:49+00:00","description":"Schulstart mit Bibliothek: Unsere neue tschechische Schulbibliothek in Luzern bietet 150 sorgf\u00e4ltig ausgew\u00e4hlte B\u00fccher f\u00fcr Gross und Klein","breadcrumb":{"@id":"https:\/\/www.ceskaskolaluzern.ch\/de\/schulstart-mit-bibliothek\/#breadcrumb"},"inLanguage":"de","potentialAction":[{"@type":"ReadAction","target":["https:\/\/www.ceskaskolaluzern.ch\/de\/schulstart-mit-bibliothek\/"]}]},{"@type":"ImageObject","inLanguage":"de","@id":"https:\/\/www.ceskaskolaluzern.ch\/de\/schulstart-mit-bibliothek\/#primaryimage","url":"https:\/\/www.ceskaskolaluzern.ch\/wp-content\/uploads\/2023\/09\/1-1.png","contentUrl":"https:\/\/www.ceskaskolaluzern.ch\/wp-content\/uploads\/2023\/09\/1-1.png","width":800,"height":600},{"@type":"BreadcrumbList","@id":"https:\/\/www.ceskaskolaluzern.ch\/de\/schulstart-mit-bibliothek\/#breadcrumb","itemListElement":[{"@type":"ListItem","position":1,"name":"\u00davod","item":"https:\/\/www.ceskaskolaluzern.ch\/de\/"},{"@type":"ListItem","position":2,"name":"Schulstart mit Bibliothek: Die Er\u00f6ffnung unserer tschechischen Bibliothek"}]},{"@type":"WebSite","@id":"https:\/\/www.ceskaskolaluzern.ch\/#website","url":"https:\/\/www.ceskaskolaluzern.ch\/","name":"\u010cesk\u00e1 \u0161kola Luzern","description":"","publisher":{"@id":"https:\/\/www.ceskaskolaluzern.ch\/#organization"},"potentialAction":[{"@type":"SearchAction","target":{"@type":"EntryPoint","urlTemplate":"https:\/\/www.ceskaskolaluzern.ch\/?s={search_term_string}"},"query-input":{"@type":"PropertyValueSpecification","valueRequired":true,"valueName":"search_term_string"}}],"inLanguage":"de"},{"@type":"Organization","@id":"https:\/\/www.ceskaskolaluzern.ch\/#organization","name":"\u010cesk\u00e1 \u0161kola Luzern","url":"https:\/\/www.ceskaskolaluzern.ch\/","logo":{"@type":"ImageObject","inLanguage":"de","@id":"https:\/\/www.ceskaskolaluzern.ch\/#\/schema\/logo\/image\/","url":"https:\/\/www.ceskaskolaluzern.ch\/wp-content\/uploads\/2022\/06\/Ceska_skola_Logo_2022_.png","contentUrl":"https:\/\/www.ceskaskolaluzern.ch\/wp-content\/uploads\/2022\/06\/Ceska_skola_Logo_2022_.png","width":2138,"height":808,"caption":"\u010cesk\u00e1 \u0161kola Luzern"},"image":{"@id":"https:\/\/www.ceskaskolaluzern.ch\/#\/schema\/logo\/image\/"},"sameAs":["https:\/\/www.facebook.com\/ceskaskola.luzern\/","https:\/\/www.linkedin.com\/company\/ceska-skola-luzern\/","https:\/\/www.instagram.com\/ceskaskola.luzern\/"]},{"@type":"Person","@id":"https:\/\/www.ceskaskolaluzern.ch\/#\/schema\/person\/2454d88303d54d68e8d537479cf98971","name":"Silvie Sharma","image":{"@type":"ImageObject","inLanguage":"de","@id":"https:\/\/www.ceskaskolaluzern.ch\/#\/schema\/person\/image\/","url":"https:\/\/secure.gravatar.com\/avatar\/559e752837428714c8ce5c6adad5652e?s=96&d=mm&r=g","contentUrl":"https:\/\/secure.gravatar.com\/avatar\/559e752837428714c8ce5c6adad5652e?s=96&d=mm&r=g","caption":"Silvie Sharma"}}]}},"_links":{"self":[{"href":"https:\/\/www.ceskaskolaluzern.ch\/de\/wp-json\/wp\/v2\/posts\/2626","targetHints":{"allow":["GET"]}}],"collection":[{"href":"https:\/\/www.ceskaskolaluzern.ch\/de\/wp-json\/wp\/v2\/posts"}],"about":[{"href":"https:\/\/www.ceskaskolaluzern.ch\/de\/wp-json\/wp\/v2\/types\/post"}],"author":[{"embeddable":true,"href":"https:\/\/www.ceskaskolaluzern.ch\/de\/wp-json\/wp\/v2\/users\/2"}],"replies":[{"embeddable":true,"href":"https:\/\/www.ceskaskolaluzern.ch\/de\/wp-json\/wp\/v2\/comments?post=2626"}],"version-history":[{"count":5,"href":"https:\/\/www.ceskaskolaluzern.ch\/de\/wp-json\/wp\/v2\/posts\/2626\/revisions"}],"predecessor-version":[{"id":3496,"href":"https:\/\/www.ceskaskolaluzern.ch\/de\/wp-json\/wp\/v2\/posts\/2626\/revisions\/3496"}],"wp:featuredmedia":[{"embeddable":true,"href":"https:\/\/www.ceskaskolaluzern.ch\/de\/wp-json\/wp\/v2\/media\/2349"}],"wp:attachment":[{"href":"https:\/\/www.ceskaskolaluzern.ch\/de\/wp-json\/wp\/v2\/media?parent=2626"}],"wp:term":[{"taxonomy":"category","embeddable":true,"href":"https:\/\/www.ceskaskolaluzern.ch\/de\/wp-json\/wp\/v2\/categories?post=2626"},{"taxonomy":"post_tag","embeddable":true,"href":"https:\/\/www.ceskaskolaluzern.ch\/de\/wp-json\/wp\/v2\/tags?post=2626"}],"curies":[{"name":"wp","href":"https:\/\/api.w.org\/{rel}","templated":true}]}}