{"id":1902,"date":"2022-09-20T12:06:06","date_gmt":"2022-09-20T10:06:06","guid":{"rendered":"https:\/\/www.ceskaskolaluzern.ch\/?p=1902"},"modified":"2024-11-15T21:20:05","modified_gmt":"2024-11-15T20:20:05","slug":"erster-schultag","status":"publish","type":"post","link":"https:\/\/www.ceskaskolaluzern.ch\/de\/erster-schultag\/","title":{"rendered":"Erster Schultag"},"content":{"rendered":"<img decoding=\"async\" class=\"wp-image-1015 size-medium alignleft\" src=\"data:image\/gif;base64,R0lGODlhAQABAIAAAAAAAP\/\/\/yH5BAEAAAAALAAAAAABAAEAAAIBRAA7\" data-src=\"https:\/\/www.ceskaskolaluzern.ch\/wp-content\/uploads\/2022\/09\/2-300x225.jpg\" alt=\"\u010cesk\u00e1 \u0161kola Luzern\" width=\"300\" height=\"225\" srcset=\"data:image\/gif;base64,R0lGODlhAQABAIAAAAAAAP\/\/\/yH5BAEAAAAALAAAAAABAAEAAAIBRAA7\" data-srcset=\"https:\/\/www.ceskaskolaluzern.ch\/wp-content\/uploads\/2022\/09\/2-300x225.jpg 300w, https:\/\/www.ceskaskolaluzern.ch\/wp-content\/uploads\/2022\/09\/2-768x576.jpg 768w, https:\/\/www.ceskaskolaluzern.ch\/wp-content\/uploads\/2022\/09\/2-320x240.jpg 320w, https:\/\/www.ceskaskolaluzern.ch\/wp-content\/uploads\/2022\/09\/2-190x143.jpg 190w, https:\/\/www.ceskaskolaluzern.ch\/wp-content\/uploads\/2022\/09\/2.jpg 800w\" sizes=\"(max-width: 300px) 100vw, 300px\" \/>\n<p style=\"text-align: left;\"><strong><em>Wie wir und Leo\u0161 Geburtstag und den Beginn des Schuljahres feierten.<\/em><\/strong><img decoding=\"async\" class=\"size-medium wp-image-1098 alignleft\" src=\"data:image\/gif;base64,R0lGODlhAQABAIAAAAAAAP\/\/\/yH5BAEAAAAALAAAAAABAAEAAAIBRAA7\" data-src=\"https:\/\/www.ceskaskolaluzern.ch\/wp-content\/uploads\/2022\/09\/Predelovnik_blog-300x71.png\" alt=\"\" width=\"300\" height=\"71\" srcset=\"data:image\/gif;base64,R0lGODlhAQABAIAAAAAAAP\/\/\/yH5BAEAAAAALAAAAAABAAEAAAIBRAA7\" data-srcset=\"https:\/\/www.ceskaskolaluzern.ch\/wp-content\/uploads\/2022\/09\/Predelovnik_blog-300x71.png 300w, https:\/\/www.ceskaskolaluzern.ch\/wp-content\/uploads\/2022\/09\/Predelovnik_blog-768x181.png 768w, https:\/\/www.ceskaskolaluzern.ch\/wp-content\/uploads\/2022\/09\/Predelovnik_blog-320x75.png 320w, https:\/\/www.ceskaskolaluzern.ch\/wp-content\/uploads\/2022\/09\/Predelovnik_blog-190x45.png 190w, https:\/\/www.ceskaskolaluzern.ch\/wp-content\/uploads\/2022\/09\/Predelovnik_blog-1000x236.png 1000w, https:\/\/www.ceskaskolaluzern.ch\/wp-content\/uploads\/2022\/09\/Predelovnik_blog.png 1004w\" sizes=\"(max-width: 300px) 100vw, 300px\" \/><\/p>\n<p>&nbsp;<\/p>\n<p>&nbsp;<\/p>\n<p>&nbsp;<\/p>\n<p>&nbsp;<\/p>\n<p>Die Sommerferien vergingen wie im Flug und am 31.8.&nbsp;trafen uns wir in der Aula der Primarschule Gersag um nicht nur gemeinsam ins neue Schuljahr einzusteigen, aber auch den Geburtstag von unserem Maskottchen Leo\u0161 zu feiern.<\/p>\n<p>Wir begr\u00fcssten die Kinder und deren Eltern, pr\u00e4sentierten ihnen die neue Internetseite der Schule, was f\u00fcr alle eine grosse Freude war. Wir durften allen ganz offiziell unsere neuen Lehrerinnen Magda und Tereza pr\u00e4sentieren und verrieten den Kindern ein Geheimnis: Leo\u0161 feiert heute Geburtstag!<\/p>\n<p>Ausser einer reichlichen Portion Vorfreude auf die geplanten Veranstaltungen im beginnenden Schuljahr wurden auch neue Schulb\u00fccher, Unterrichtsmaterialien und Team-T-Shirts in Farben unserer Schule verteilt.<\/p>\n<p>Danach begann mit dem Lied \u00abNarozeninov\u00e1\u00bb die Geburtstagsparty von Leo\u0161. Er feierte am 1.9.&nbsp;seinen f\u00fcnften Geburtstag, genau wie die Tschechische Schule Luzern. Die Kinder sangen ihm ein St\u00e4ndchen mit Klavierbegleitung, welches selbstverst\u00e4ndlich mit grosser Begeisterung empfangen wurde, sodass bestimmt noch \u00f6fter w\u00e4hrend des Jahres bei Geburtstagen gesungen wird.<\/p>\n<p>Die Kinder durften sich die neuen Unterrichtsr\u00e4ume ansehen und sich bis zum Ende unseres ersten diesj\u00e4hrigen Treffens einer Reihe von Spielen hingeben.<\/p>\n<p>Ab September treffen wir uns wieder regelm\u00e4ssig jeden Mittwochnachmittag. Werfen Sie einen Blick auf unseren <a href=\"https:\/\/www.ceskaskolaluzern.ch\/de\/unterricht\/stundenplan\/\">Stundenplan<\/a> und kommen Sie vorbei!<\/p>\n<p>Wir werden uns auf Sie freuen!<\/p>\n<img decoding=\"async\" class=\"alignnone wp-image-971\" src=\"data:image\/gif;base64,R0lGODlhAQABAIAAAAAAAP\/\/\/yH5BAEAAAAALAAAAAABAAEAAAIBRAA7\" data-src=\"https:\/\/www.ceskaskolaluzern.ch\/wp-content\/uploads\/2022\/09\/cropped-Ceska_skola_Logo_2022_kruh-300x300.png\" alt=\"\" width=\"24\" height=\"24\" srcset=\"data:image\/gif;base64,R0lGODlhAQABAIAAAAAAAP\/\/\/yH5BAEAAAAALAAAAAABAAEAAAIBRAA7\" data-srcset=\"https:\/\/www.ceskaskolaluzern.ch\/wp-content\/uploads\/2022\/09\/cropped-Ceska_skola_Logo_2022_kruh-300x300.png 300w, https:\/\/www.ceskaskolaluzern.ch\/wp-content\/uploads\/2022\/09\/cropped-Ceska_skola_Logo_2022_kruh-150x150.png 150w, https:\/\/www.ceskaskolaluzern.ch\/wp-content\/uploads\/2022\/09\/cropped-Ceska_skola_Logo_2022_kruh-320x320.png 320w, https:\/\/www.ceskaskolaluzern.ch\/wp-content\/uploads\/2022\/09\/cropped-Ceska_skola_Logo_2022_kruh-190x190.png 190w, https:\/\/www.ceskaskolaluzern.ch\/wp-content\/uploads\/2022\/09\/cropped-Ceska_skola_Logo_2022_kruh-160x160.png 160w, https:\/\/www.ceskaskolaluzern.ch\/wp-content\/uploads\/2022\/09\/cropped-Ceska_skola_Logo_2022_kruh-500x512.png 500w, https:\/\/www.ceskaskolaluzern.ch\/wp-content\/uploads\/2022\/09\/cropped-Ceska_skola_Logo_2022_kruh-88x88.png 88w, https:\/\/www.ceskaskolaluzern.ch\/wp-content\/uploads\/2022\/09\/cropped-Ceska_skola_Logo_2022_kruh-176x176.png 176w, https:\/\/www.ceskaskolaluzern.ch\/wp-content\/uploads\/2022\/09\/cropped-Ceska_skola_Logo_2022_kruh-270x270.png 270w, https:\/\/www.ceskaskolaluzern.ch\/wp-content\/uploads\/2022\/09\/cropped-Ceska_skola_Logo_2022_kruh-192x192.png 192w, https:\/\/www.ceskaskolaluzern.ch\/wp-content\/uploads\/2022\/09\/cropped-Ceska_skola_Logo_2022_kruh-180x180.png 180w, https:\/\/www.ceskaskolaluzern.ch\/wp-content\/uploads\/2022\/09\/cropped-Ceska_skola_Logo_2022_kruh-32x32.png 32w, https:\/\/www.ceskaskolaluzern.ch\/wp-content\/uploads\/2022\/09\/cropped-Ceska_skola_Logo_2022_kruh.png 512w\" sizes=\"(max-width: 24px) 100vw, 24px\" \/>\n<div id='gallery-1' class='gallery galleryid-1902 gallery-columns-3 gallery-size-medium'><dl class='gallery-item'>\n\t\t\t<dt class='gallery-icon landscape'>\n\t\t\t\t<a href='https:\/\/www.ceskaskolaluzern.ch\/de\/6-2\/'><img fetchpriority=\"high\" decoding=\"async\" width=\"300\" height=\"225\" src=\"data:image\/gif;base64,R0lGODlhAQABAIAAAAAAAP\/\/\/yH5BAEAAAAALAAAAAABAAEAAAIBRAA7\" data-src=\"https:\/\/www.ceskaskolaluzern.ch\/wp-content\/uploads\/2022\/09\/6-300x225.jpg\" class=\"attachment-medium size-medium\" alt=\"\" srcset=\"data:image\/gif;base64,R0lGODlhAQABAIAAAAAAAP\/\/\/yH5BAEAAAAALAAAAAABAAEAAAIBRAA7\" data-srcset=\"https:\/\/www.ceskaskolaluzern.ch\/wp-content\/uploads\/2022\/09\/6-300x225.jpg 300w, https:\/\/www.ceskaskolaluzern.ch\/wp-content\/uploads\/2022\/09\/6-768x576.jpg 768w, https:\/\/www.ceskaskolaluzern.ch\/wp-content\/uploads\/2022\/09\/6-320x240.jpg 320w, https:\/\/www.ceskaskolaluzern.ch\/wp-content\/uploads\/2022\/09\/6-190x143.jpg 190w, https:\/\/www.ceskaskolaluzern.ch\/wp-content\/uploads\/2022\/09\/6.jpg 800w\" sizes=\"(max-width: 300px) 100vw, 300px\" loading=\"eager\" \/><\/a>\n\t\t\t<\/dt><\/dl><dl class='gallery-item'>\n\t\t\t<dt class='gallery-icon landscape'>\n\t\t\t\t<a href='https:\/\/www.ceskaskolaluzern.ch\/de\/3-2\/'><img decoding=\"async\" width=\"300\" height=\"225\" src=\"data:image\/gif;base64,R0lGODlhAQABAIAAAAAAAP\/\/\/yH5BAEAAAAALAAAAAABAAEAAAIBRAA7\" data-src=\"https:\/\/www.ceskaskolaluzern.ch\/wp-content\/uploads\/2022\/09\/3-300x225.jpg\" class=\"attachment-medium size-medium\" alt=\"\" aria-describedby=\"gallery-1-1018\" srcset=\"data:image\/gif;base64,R0lGODlhAQABAIAAAAAAAP\/\/\/yH5BAEAAAAALAAAAAABAAEAAAIBRAA7\" data-srcset=\"https:\/\/www.ceskaskolaluzern.ch\/wp-content\/uploads\/2022\/09\/3-300x225.jpg 300w, https:\/\/www.ceskaskolaluzern.ch\/wp-content\/uploads\/2022\/09\/3-768x576.jpg 768w, https:\/\/www.ceskaskolaluzern.ch\/wp-content\/uploads\/2022\/09\/3-320x240.jpg 320w, https:\/\/www.ceskaskolaluzern.ch\/wp-content\/uploads\/2022\/09\/3-190x143.jpg 190w, https:\/\/www.ceskaskolaluzern.ch\/wp-content\/uploads\/2022\/09\/3.jpg 800w\" sizes=\"(max-width: 300px) 100vw, 300px\" loading=\"eager\" \/><\/a>\n\t\t\t<\/dt>\n\t\t\t\t<dd class='wp-caption-text gallery-caption' id='gallery-1-1018'>\n\t\t\t\tSchulstart | 31. 8. 2022\n\t\t\t\t<\/dd><\/dl><dl class='gallery-item'>\n\t\t\t<dt class='gallery-icon landscape'>\n\t\t\t\t<a href='https:\/\/www.ceskaskolaluzern.ch\/de\/1-2\/'><img decoding=\"async\" width=\"300\" height=\"225\" src=\"data:image\/gif;base64,R0lGODlhAQABAIAAAAAAAP\/\/\/yH5BAEAAAAALAAAAAABAAEAAAIBRAA7\" data-src=\"https:\/\/www.ceskaskolaluzern.ch\/wp-content\/uploads\/2022\/09\/1-300x225.jpg\" class=\"attachment-medium size-medium\" alt=\"\" aria-describedby=\"gallery-1-1014\" srcset=\"data:image\/gif;base64,R0lGODlhAQABAIAAAAAAAP\/\/\/yH5BAEAAAAALAAAAAABAAEAAAIBRAA7\" data-srcset=\"https:\/\/www.ceskaskolaluzern.ch\/wp-content\/uploads\/2022\/09\/1-300x225.jpg 300w, https:\/\/www.ceskaskolaluzern.ch\/wp-content\/uploads\/2022\/09\/1-768x576.jpg 768w, https:\/\/www.ceskaskolaluzern.ch\/wp-content\/uploads\/2022\/09\/1-320x240.jpg 320w, https:\/\/www.ceskaskolaluzern.ch\/wp-content\/uploads\/2022\/09\/1-190x143.jpg 190w, https:\/\/www.ceskaskolaluzern.ch\/wp-content\/uploads\/2022\/09\/1.jpg 800w\" sizes=\"(max-width: 300px) 100vw, 300px\" loading=\"eager\" \/><\/a>\n\t\t\t<\/dt>\n\t\t\t\t<dd class='wp-caption-text gallery-caption' id='gallery-1-1014'>\n\t\t\t\tSchulstart | 31. 8. 2022\n\t\t\t\t<\/dd><\/dl><br style=\"clear: both\" \/>\n\t\t<\/div>\n\n","protected":false},"excerpt":{"rendered":"<p>Wie wir und Leo\u0161 Geburtstag und\u00a0den Beginn des Schuljahres feierten.<\/p>\n","protected":false},"author":2,"featured_media":1016,"comment_status":"open","ping_status":"open","sticky":false,"template":"","format":"standard","meta":{"footnotes":""},"categories":[29,30],"tags":[46,71,72],"class_list":["post-1902","post","type-post","status-publish","format-standard","has-post-thumbnail","hentry","category-aktuelles","category-news","tag-beginn-des-schuljahres","tag-erster-schultag","tag-schulbeginn"],"yoast_head":"<!-- This site is optimized with the Yoast SEO plugin v25.6 - https:\/\/yoast.com\/wordpress\/plugins\/seo\/ -->\n<title>Erster Schultag | \u010cesk\u00e1 \u0161kola Luzern<\/title>\n<meta name=\"robots\" content=\"index, follow, max-snippet:-1, max-image-preview:large, max-video-preview:-1\" \/>\n<link rel=\"canonical\" href=\"https:\/\/www.ceskaskolaluzern.ch\/de\/erster-schultag\/\" \/>\n<meta property=\"og:locale\" content=\"de_DE\" \/>\n<meta property=\"og:type\" content=\"article\" \/>\n<meta property=\"og:title\" content=\"Erster Schultag | \u010cesk\u00e1 \u0161kola Luzern\" \/>\n<meta property=\"og:description\" content=\"Wie wir und Leo\u0161 Geburtstag und\u00a0den Beginn des Schuljahres feierten.\" \/>\n<meta property=\"og:url\" content=\"https:\/\/www.ceskaskolaluzern.ch\/de\/erster-schultag\/\" \/>\n<meta property=\"og:site_name\" content=\"\u010cesk\u00e1 \u0161kola Luzern\" \/>\n<meta property=\"article:publisher\" content=\"https:\/\/www.facebook.com\/ceskaskola.luzern\/\" \/>\n<meta property=\"article:published_time\" content=\"2022-09-20T10:06:06+00:00\" \/>\n<meta property=\"article:modified_time\" content=\"2024-11-15T20:20:05+00:00\" \/>\n<meta property=\"og:image\" content=\"https:\/\/www.ceskaskolaluzern.ch\/wp-content\/uploads\/2022\/09\/2.jpg\" \/>\n\t<meta property=\"og:image:width\" content=\"800\" \/>\n\t<meta property=\"og:image:height\" content=\"600\" \/>\n\t<meta property=\"og:image:type\" content=\"image\/jpeg\" \/>\n<meta name=\"author\" content=\"Silvie Sharma\" \/>\n<meta name=\"twitter:card\" content=\"summary_large_image\" \/>\n<meta name=\"twitter:label1\" content=\"Verfasst von\" \/>\n\t<meta name=\"twitter:data1\" content=\"Silvie Sharma\" \/>\n\t<meta name=\"twitter:label2\" content=\"Gesch\u00e4tzte Lesezeit\" \/>\n\t<meta name=\"twitter:data2\" content=\"2\u00a0Minuten\" \/>\n<!-- \/ Yoast SEO plugin. -->","yoast_head_json":{"title":"Erster Schultag | \u010cesk\u00e1 \u0161kola Luzern","robots":{"index":"index","follow":"follow","max-snippet":"max-snippet:-1","max-image-preview":"max-image-preview:large","max-video-preview":"max-video-preview:-1"},"canonical":"https:\/\/www.ceskaskolaluzern.ch\/de\/erster-schultag\/","og_locale":"de_DE","og_type":"article","og_title":"Erster Schultag | \u010cesk\u00e1 \u0161kola Luzern","og_description":"Wie wir und Leo\u0161 Geburtstag und\u00a0den Beginn des Schuljahres feierten.","og_url":"https:\/\/www.ceskaskolaluzern.ch\/de\/erster-schultag\/","og_site_name":"\u010cesk\u00e1 \u0161kola Luzern","article_publisher":"https:\/\/www.facebook.com\/ceskaskola.luzern\/","article_published_time":"2022-09-20T10:06:06+00:00","article_modified_time":"2024-11-15T20:20:05+00:00","og_image":[{"width":800,"height":600,"url":"https:\/\/www.ceskaskolaluzern.ch\/wp-content\/uploads\/2022\/09\/2.jpg","type":"image\/jpeg"}],"author":"Silvie Sharma","twitter_card":"summary_large_image","twitter_misc":{"Verfasst von":"Silvie Sharma","Gesch\u00e4tzte Lesezeit":"2\u00a0Minuten"},"schema":{"@context":"https:\/\/schema.org","@graph":[{"@type":"Article","@id":"https:\/\/www.ceskaskolaluzern.ch\/de\/erster-schultag\/#article","isPartOf":{"@id":"https:\/\/www.ceskaskolaluzern.ch\/de\/erster-schultag\/"},"author":{"name":"Silvie Sharma","@id":"https:\/\/www.ceskaskolaluzern.ch\/#\/schema\/person\/2454d88303d54d68e8d537479cf98971"},"headline":"Erster Schultag","datePublished":"2022-09-20T10:06:06+00:00","dateModified":"2024-11-15T20:20:05+00:00","mainEntityOfPage":{"@id":"https:\/\/www.ceskaskolaluzern.ch\/de\/erster-schultag\/"},"wordCount":231,"commentCount":0,"publisher":{"@id":"https:\/\/www.ceskaskolaluzern.ch\/#organization"},"image":{"@id":"https:\/\/www.ceskaskolaluzern.ch\/de\/erster-schultag\/#primaryimage"},"thumbnailUrl":"https:\/\/www.ceskaskolaluzern.ch\/wp-content\/uploads\/2022\/09\/2.jpg","keywords":["Beginn des Schuljahres","erster schultag","Schulbeginn"],"articleSection":["Aktuell aus der Schule","News"],"inLanguage":"de","potentialAction":[{"@type":"CommentAction","name":"Comment","target":["https:\/\/www.ceskaskolaluzern.ch\/de\/erster-schultag\/#respond"]}]},{"@type":"WebPage","@id":"https:\/\/www.ceskaskolaluzern.ch\/de\/erster-schultag\/","url":"https:\/\/www.ceskaskolaluzern.ch\/de\/erster-schultag\/","name":"Erster Schultag | \u010cesk\u00e1 \u0161kola Luzern","isPartOf":{"@id":"https:\/\/www.ceskaskolaluzern.ch\/#website"},"primaryImageOfPage":{"@id":"https:\/\/www.ceskaskolaluzern.ch\/de\/erster-schultag\/#primaryimage"},"image":{"@id":"https:\/\/www.ceskaskolaluzern.ch\/de\/erster-schultag\/#primaryimage"},"thumbnailUrl":"https:\/\/www.ceskaskolaluzern.ch\/wp-content\/uploads\/2022\/09\/2.jpg","datePublished":"2022-09-20T10:06:06+00:00","dateModified":"2024-11-15T20:20:05+00:00","breadcrumb":{"@id":"https:\/\/www.ceskaskolaluzern.ch\/de\/erster-schultag\/#breadcrumb"},"inLanguage":"de","potentialAction":[{"@type":"ReadAction","target":["https:\/\/www.ceskaskolaluzern.ch\/de\/erster-schultag\/"]}]},{"@type":"ImageObject","inLanguage":"de","@id":"https:\/\/www.ceskaskolaluzern.ch\/de\/erster-schultag\/#primaryimage","url":"https:\/\/www.ceskaskolaluzern.ch\/wp-content\/uploads\/2022\/09\/2.jpg","contentUrl":"https:\/\/www.ceskaskolaluzern.ch\/wp-content\/uploads\/2022\/09\/2.jpg","width":800,"height":600,"caption":"\u010cesk\u00e1 \u0161kola Luzern"},{"@type":"BreadcrumbList","@id":"https:\/\/www.ceskaskolaluzern.ch\/de\/erster-schultag\/#breadcrumb","itemListElement":[{"@type":"ListItem","position":1,"name":"\u00davod","item":"https:\/\/www.ceskaskolaluzern.ch\/de\/"},{"@type":"ListItem","position":2,"name":"Erster Schultag"}]},{"@type":"WebSite","@id":"https:\/\/www.ceskaskolaluzern.ch\/#website","url":"https:\/\/www.ceskaskolaluzern.ch\/","name":"\u010cesk\u00e1 \u0161kola Luzern","description":"","publisher":{"@id":"https:\/\/www.ceskaskolaluzern.ch\/#organization"},"potentialAction":[{"@type":"SearchAction","target":{"@type":"EntryPoint","urlTemplate":"https:\/\/www.ceskaskolaluzern.ch\/?s={search_term_string}"},"query-input":{"@type":"PropertyValueSpecification","valueRequired":true,"valueName":"search_term_string"}}],"inLanguage":"de"},{"@type":"Organization","@id":"https:\/\/www.ceskaskolaluzern.ch\/#organization","name":"\u010cesk\u00e1 \u0161kola Luzern","url":"https:\/\/www.ceskaskolaluzern.ch\/","logo":{"@type":"ImageObject","inLanguage":"de","@id":"https:\/\/www.ceskaskolaluzern.ch\/#\/schema\/logo\/image\/","url":"https:\/\/www.ceskaskolaluzern.ch\/wp-content\/uploads\/2022\/06\/Ceska_skola_Logo_2022_.png","contentUrl":"https:\/\/www.ceskaskolaluzern.ch\/wp-content\/uploads\/2022\/06\/Ceska_skola_Logo_2022_.png","width":2138,"height":808,"caption":"\u010cesk\u00e1 \u0161kola Luzern"},"image":{"@id":"https:\/\/www.ceskaskolaluzern.ch\/#\/schema\/logo\/image\/"},"sameAs":["https:\/\/www.facebook.com\/ceskaskola.luzern\/","https:\/\/www.linkedin.com\/company\/ceska-skola-luzern\/","https:\/\/www.instagram.com\/ceskaskola.luzern\/"]},{"@type":"Person","@id":"https:\/\/www.ceskaskolaluzern.ch\/#\/schema\/person\/2454d88303d54d68e8d537479cf98971","name":"Silvie Sharma","image":{"@type":"ImageObject","inLanguage":"de","@id":"https:\/\/www.ceskaskolaluzern.ch\/#\/schema\/person\/image\/","url":"https:\/\/secure.gravatar.com\/avatar\/559e752837428714c8ce5c6adad5652e?s=96&d=mm&r=g","contentUrl":"https:\/\/secure.gravatar.com\/avatar\/559e752837428714c8ce5c6adad5652e?s=96&d=mm&r=g","caption":"Silvie Sharma"}}]}},"_links":{"self":[{"href":"https:\/\/www.ceskaskolaluzern.ch\/de\/wp-json\/wp\/v2\/posts\/1902","targetHints":{"allow":["GET"]}}],"collection":[{"href":"https:\/\/www.ceskaskolaluzern.ch\/de\/wp-json\/wp\/v2\/posts"}],"about":[{"href":"https:\/\/www.ceskaskolaluzern.ch\/de\/wp-json\/wp\/v2\/types\/post"}],"author":[{"embeddable":true,"href":"https:\/\/www.ceskaskolaluzern.ch\/de\/wp-json\/wp\/v2\/users\/2"}],"replies":[{"embeddable":true,"href":"https:\/\/www.ceskaskolaluzern.ch\/de\/wp-json\/wp\/v2\/comments?post=1902"}],"version-history":[{"count":7,"href":"https:\/\/www.ceskaskolaluzern.ch\/de\/wp-json\/wp\/v2\/posts\/1902\/revisions"}],"predecessor-version":[{"id":3203,"href":"https:\/\/www.ceskaskolaluzern.ch\/de\/wp-json\/wp\/v2\/posts\/1902\/revisions\/3203"}],"wp:featuredmedia":[{"embeddable":true,"href":"https:\/\/www.ceskaskolaluzern.ch\/de\/wp-json\/wp\/v2\/media\/1016"}],"wp:attachment":[{"href":"https:\/\/www.ceskaskolaluzern.ch\/de\/wp-json\/wp\/v2\/media?parent=1902"}],"wp:term":[{"taxonomy":"category","embeddable":true,"href":"https:\/\/www.ceskaskolaluzern.ch\/de\/wp-json\/wp\/v2\/categories?post=1902"},{"taxonomy":"post_tag","embeddable":true,"href":"https:\/\/www.ceskaskolaluzern.ch\/de\/wp-json\/wp\/v2\/tags?post=1902"}],"curies":[{"name":"wp","href":"https:\/\/api.w.org\/{rel}","templated":true}]}}